{"id":28992,"date":"2022-07-02T15:39:10","date_gmt":"2022-07-02T20:39:10","guid":{"rendered":"https:\/\/encuentroinformativo.com.mx\/?p=28992"},"modified":"2022-07-02T15:39:14","modified_gmt":"2022-07-02T20:39:14","slug":"serian-4-los-migrantes-fallecidos-en-texas-gobernador","status":"publish","type":"post","link":"https:\/\/encuentroinformativo.com.mx\/?p=28992","title":{"rendered":"Ser\u00edan 4 los migrantes fallecidos en Texas: Gobernador"},"content":{"rendered":"\n<p><strong>Dar\u00edo Pale <\/strong><\/p>\n\n\n\n<p>Xalapa, Ver.- Habr\u00eda al menos cuatro veracruzanos entre las v\u00edctimas del tr\u00e1iler hallado en San Antonio Texas, el pasado 27 de junio, as\u00ed lo confirm\u00f3 el gobernador del estado Cuitl\u00e1huac Garc\u00eda Jim\u00e9nez.<\/p>\n\n\n\n<p>En entrevista, coment\u00f3 que a trav\u00e9s de la direcci\u00f3n de Atenci\u00f3n a Migrantes se atiende a la familia de las v\u00edctimas, pero tambi\u00e9n agradeci\u00f3 el apoyo a los presidentes municipales de los lugares de donde habr\u00edan salido m\u00e1s personas en busca del sue\u00f1o americano.<\/p>\n\n\n\n<p>El Ejecutivo afirm\u00f3 que se les ha estado brindando todo el apoyo a los familiares que buscan a sus seres queridos, pero aclar\u00f3 que tambi\u00e9n dependen de las autoridades de Estados Unidos.<\/p>\n\n\n\n<p>Garc\u00eda Jim\u00e9nez consider\u00f3 que el fen\u00f3meno de la migraci\u00f3n no es privativo de Veracruz, sino que se presenta de manera general, en muchos pa\u00edses hacia donde hay &#8220;oportunidades&#8221;, lo cual ha venido ocurriendo por d\u00e9cadas.<\/p>\n\n\n\n<p>Sin embargo, defendi\u00f3 que en la presente administraci\u00f3n ha habido una disminuci\u00f3n del fen\u00f3meno, aunque se limit\u00f3 a decir que lo dar\u00e1n a conocer.<\/p>\n\n\n\n<p>En otro orden de ideas, respecto de la percepci\u00f3n de la inseguridad, reconoci\u00f3 que efectivamente hay una percepci\u00f3n negativa, pero al mismo tiempo de que las cosas han ido cambiando.<\/p>\n\n\n\n<p>Culp\u00f3 a las \u00faltimas dos d\u00e9cadas de malos gobiernos por los resultados en dicha materia, aunque acept\u00f3 que lo que les falta es comunicar m\u00e1s y mejor.<\/p>\n\n\n\n<p>&#8220;Por ejemplo de ayer a hoy no hubo homicidios, pero no lo veo en ning\u00fan peri\u00f3dico. De ayer a hoy tenemos cero homicidios dolosos&#8221;, coment\u00f3.<\/p>\n\n\n\n<p>Finalmente con relaci\u00f3n a los paseos del Carnaval de Veracruz, expres\u00f3 que las cosas van bien y no descart\u00f3 que mejore gracias a las buenas condiciones climatol\u00f3gicas.<\/p>\n","protected":false},"excerpt":{"rendered":"<p>Dar\u00edo Pale Xalapa, Ver.- Habr\u00eda al menos cuatro veracruzanos entre las v\u00edctimas del tr\u00e1iler hallado en San Antonio Texas, el pasado 27 de junio, as\u00ed lo confirm\u00f3 el gobernador del estado Cuitl\u00e1huac Garc\u00eda Jim\u00e9nez. En entrevista, coment\u00f3 que a trav\u00e9s de la direcci\u00f3n de Atenci\u00f3n a Migrantes se atiende a la familia de las v\u00edctimas, [&hellip;]<\/p>\n","protected":false},"author":1,"featured_media":28993,"comment_status":"open","ping_status":"open","sticky":false,"template":"","format":"standard","meta":{"_jetpack_memberships_contains_paid_content":false,"footnotes":""},"categories":[2],"tags":[],"class_list":["post-28992","post","type-post","status-publish","format-standard","has-post-thumbnail","hentry","category-estado"],"jetpack_featured_media_url":"https:\/\/encuentroinformativo.com.mx\/wp-content\/uploads\/2022\/07\/1FB4DDF3-F51D-4E63-B9A9-456C26541E56.jpeg","jetpack_sharing_enabled":true,"jetpack_likes_enabled":true,"amp_enabled":true,"_links":{"self":[{"href":"https:\/\/encuentroinformativo.com.mx\/index.php?rest_route=\/wp\/v2\/posts\/28992","targetHints":{"allow":["GET"]}}],"collection":[{"href":"https:\/\/encuentroinformativo.com.mx\/index.php?rest_route=\/wp\/v2\/posts"}],"about":[{"href":"https:\/\/encuentroinformativo.com.mx\/index.php?rest_route=\/wp\/v2\/types\/post"}],"author":[{"embeddable":true,"href":"https:\/\/encuentroinformativo.com.mx\/index.php?rest_route=\/wp\/v2\/users\/1"}],"replies":[{"embeddable":true,"href":"https:\/\/encuentroinformativo.com.mx\/index.php?rest_route=%2Fwp%2Fv2%2Fcomments&post=28992"}],"version-history":[{"count":1,"href":"https:\/\/encuentroinformativo.com.mx\/index.php?rest_route=\/wp\/v2\/posts\/28992\/revisions"}],"predecessor-version":[{"id":28994,"href":"https:\/\/encuentroinformativo.com.mx\/index.php?rest_route=\/wp\/v2\/posts\/28992\/revisions\/28994"}],"wp:featuredmedia":[{"embeddable":true,"href":"https:\/\/encuentroinformativo.com.mx\/index.php?rest_route=\/wp\/v2\/media\/28993"}],"wp:attachment":[{"href":"https:\/\/encuentroinformativo.com.mx\/index.php?rest_route=%2Fwp%2Fv2%2Fmedia&parent=28992"}],"wp:term":[{"taxonomy":"category","embeddable":true,"href":"https:\/\/encuentroinformativo.com.mx\/index.php?rest_route=%2Fwp%2Fv2%2Fcategories&post=28992"},{"taxonomy":"post_tag","embeddable":true,"href":"https:\/\/encuentroinformativo.com.mx\/index.php?rest_route=%2Fwp%2Fv2%2Ftags&post=28992"}],"curies":[{"name":"wp","href":"https:\/\/api.w.org\/{rel}","templated":true}]}}