{"id":28995,"date":"2022-07-02T20:25:28","date_gmt":"2022-07-03T01:25:28","guid":{"rendered":"https:\/\/encuentroinformativo.com.mx\/?p=28995"},"modified":"2022-07-02T20:25:35","modified_gmt":"2022-07-03T01:25:35","slug":"llama-cuitlahuac-garcia-a-la-unidad-en-morena","status":"publish","type":"post","link":"https:\/\/encuentroinformativo.com.mx\/?p=28995","title":{"rendered":"Llama Cuitl\u00e1huac Garc\u00eda a la unidad en Morena"},"content":{"rendered":"\n<p>Xalapa, Ver.- La militancia de Morena se reuni\u00f3 este s\u00e1bado para celebrar el triunfo de las elecciones del 2018, tras ganar la elecci\u00f3n Presidencial y Gobernaturas, al evento asisti\u00f3 el primer morenista de Veracruz, Cuitl\u00e1huac Garc\u00eda Jim\u00e9nez, el dirigente estatal Esteban Ram\u00edrez Zepeta as\u00ed como diputados locales y federales.<\/p>\n\n\n\n<figure class=\"wp-block-image size-large\"><img loading=\"lazy\" decoding=\"async\" width=\"1024\" height=\"683\" src=\"https:\/\/encuentroinformativo.com.mx\/wp-content\/uploads\/2022\/07\/F983D9A9-65EA-4404-AEBE-A09CB7B2D0C1-1024x683.jpeg\" alt=\"\" class=\"wp-image-28997\" srcset=\"https:\/\/encuentroinformativo.com.mx\/wp-content\/uploads\/2022\/07\/F983D9A9-65EA-4404-AEBE-A09CB7B2D0C1-1024x683.jpeg 1024w, https:\/\/encuentroinformativo.com.mx\/wp-content\/uploads\/2022\/07\/F983D9A9-65EA-4404-AEBE-A09CB7B2D0C1-300x200.jpeg 300w, https:\/\/encuentroinformativo.com.mx\/wp-content\/uploads\/2022\/07\/F983D9A9-65EA-4404-AEBE-A09CB7B2D0C1-768x512.jpeg 768w, https:\/\/encuentroinformativo.com.mx\/wp-content\/uploads\/2022\/07\/F983D9A9-65EA-4404-AEBE-A09CB7B2D0C1.jpeg 1488w\" sizes=\"auto, (max-width: 1024px) 100vw, 1024px\" \/><\/figure>\n\n\n\n<figure class=\"wp-block-image size-large\"><img loading=\"lazy\" decoding=\"async\" width=\"1024\" height=\"683\" src=\"https:\/\/encuentroinformativo.com.mx\/wp-content\/uploads\/2022\/07\/72E26E94-59E9-461F-A5AB-2878DD52DBA6-1024x683.jpeg\" alt=\"\" class=\"wp-image-28998\" srcset=\"https:\/\/encuentroinformativo.com.mx\/wp-content\/uploads\/2022\/07\/72E26E94-59E9-461F-A5AB-2878DD52DBA6-1024x683.jpeg 1024w, https:\/\/encuentroinformativo.com.mx\/wp-content\/uploads\/2022\/07\/72E26E94-59E9-461F-A5AB-2878DD52DBA6-300x200.jpeg 300w, https:\/\/encuentroinformativo.com.mx\/wp-content\/uploads\/2022\/07\/72E26E94-59E9-461F-A5AB-2878DD52DBA6-768x512.jpeg 768w, https:\/\/encuentroinformativo.com.mx\/wp-content\/uploads\/2022\/07\/72E26E94-59E9-461F-A5AB-2878DD52DBA6.jpeg 1488w\" sizes=\"auto, (max-width: 1024px) 100vw, 1024px\" \/><\/figure>\n","protected":false},"excerpt":{"rendered":"<p>Xalapa, Ver.- La militancia de Morena se reuni\u00f3 este s\u00e1bado para celebrar el triunfo de las elecciones del 2018, tras ganar la elecci\u00f3n Presidencial y Gobernaturas, al evento asisti\u00f3 el primer morenista de Veracruz, Cuitl\u00e1huac Garc\u00eda Jim\u00e9nez, el dirigente estatal Esteban Ram\u00edrez Zepeta as\u00ed como diputados locales y federales.<\/p>\n","protected":false},"author":1,"featured_media":28996,"comment_status":"open","ping_status":"open","sticky":false,"template":"","format":"standard","meta":{"_jetpack_memberships_contains_paid_content":false,"footnotes":""},"categories":[2],"tags":[],"class_list":["post-28995","post","type-post","status-publish","format-standard","has-post-thumbnail","hentry","category-estado"],"jetpack_featured_media_url":"https:\/\/encuentroinformativo.com.mx\/wp-content\/uploads\/2022\/07\/2ACCD4A6-B88C-4606-8A3E-F74A3CA34BEB.jpeg","jetpack_sharing_enabled":true,"jetpack_likes_enabled":true,"amp_enabled":true,"_links":{"self":[{"href":"https:\/\/encuentroinformativo.com.mx\/index.php?rest_route=\/wp\/v2\/posts\/28995","targetHints":{"allow":["GET"]}}],"collection":[{"href":"https:\/\/encuentroinformativo.com.mx\/index.php?rest_route=\/wp\/v2\/posts"}],"about":[{"href":"https:\/\/encuentroinformativo.com.mx\/index.php?rest_route=\/wp\/v2\/types\/post"}],"author":[{"embeddable":true,"href":"https:\/\/encuentroinformativo.com.mx\/index.php?rest_route=\/wp\/v2\/users\/1"}],"replies":[{"embeddable":true,"href":"https:\/\/encuentroinformativo.com.mx\/index.php?rest_route=%2Fwp%2Fv2%2Fcomments&post=28995"}],"version-history":[{"count":1,"href":"https:\/\/encuentroinformativo.com.mx\/index.php?rest_route=\/wp\/v2\/posts\/28995\/revisions"}],"predecessor-version":[{"id":28999,"href":"https:\/\/encuentroinformativo.com.mx\/index.php?rest_route=\/wp\/v2\/posts\/28995\/revisions\/28999"}],"wp:featuredmedia":[{"embeddable":true,"href":"https:\/\/encuentroinformativo.com.mx\/index.php?rest_route=\/wp\/v2\/media\/28996"}],"wp:attachment":[{"href":"https:\/\/encuentroinformativo.com.mx\/index.php?rest_route=%2Fwp%2Fv2%2Fmedia&parent=28995"}],"wp:term":[{"taxonomy":"category","embeddable":true,"href":"https:\/\/encuentroinformativo.com.mx\/index.php?rest_route=%2Fwp%2Fv2%2Fcategories&post=28995"},{"taxonomy":"post_tag","embeddable":true,"href":"https:\/\/encuentroinformativo.com.mx\/index.php?rest_route=%2Fwp%2Fv2%2Ftags&post=28995"}],"curies":[{"name":"wp","href":"https:\/\/api.w.org\/{rel}","templated":true}]}}