{"id":290,"date":"2020-03-03T11:37:10","date_gmt":"2020-03-03T17:37:10","guid":{"rendered":"https:\/\/encuentroinformativodotcomdotmx.wordpress.com\/2020\/03\/03\/no-se-ofenda-bola-8\/"},"modified":"2020-03-04T08:22:57","modified_gmt":"2020-03-04T08:22:57","slug":"no-se-ofenda-bola-8","status":"publish","type":"post","link":"https:\/\/encuentroinformativo.com.mx\/?p=290","title":{"rendered":"No se ofenda, Bola 8"},"content":{"rendered":"<p><img decoding=\"async\" src=\"https:\/\/encuentroinformativo.com.mx\/wp-content\/uploads\/2020\/02\/opinion-invitado.jpg\" class=\"size-full\"><\/p>\n<p>Los Pol\u00edticos<\/p>\n<p>Salvador Mu\u00f1oz<\/p>\n<p>La primera pregunta que le hice a Fidel Herrera Beltr\u00e1n como Gobernador electo fue \u201c\u00bfTiene usted humor negro?\u201d \u00a1Para qu\u00e9! Su respuesta fue tajante, seca, mientras se arremangaba saco y camisa para mostrarme su antebrazo: \u201c\u00bfLo dices por la pigmentaci\u00f3n de mi piel?\u201d, y me se\u00f1alaba con su dedo (negro, por cierto) una y otra vez su epidermis para posteriormente arrancarse con un discurso sobre la raza negra en Veracruz, las comunidades afro asentadas en nuestro estado y los trabajos de investigaci\u00f3n del maestro Gonzalo Aguirre Beltr\u00e1n\u2026 tuvo que entrar el director de la revista donde trabajaba con una pregunta \u201csalvavidas\u201d: \u201c\u00bfSu proyecto de Gobierno?\u201d La manga y el saco de la camisa bajaron y ah\u00ed acab\u00f3 mi participaci\u00f3n en la entrevista\u2026<\/p>\n<p>Recuerdo esto por el comentario que hizo el secretario de Gobierno de que lo comparan con una bola de billar, espec\u00edficamente la Bola 8, que es la negra. Tambi\u00e9n hace remembranza de que cuando ni\u00f1o, le hicieron \u201cbullying\u201d por el color de su piel\u2026 \u00a1Ah chingaos! \u00a1S\u00f3lo que en Otatitl\u00e1n haya puro g\u00fcero! bueno, aunque si se refiere a su estancia de casi toda la vida en la zona de Baja California, le doy el beneficio de la dura.<\/p>\n<p>Nuestra pol\u00edtica, la veracruzana, se ha caracterizado por motejar a los personajes nuestros de cada grilla, que van desde el Gobernador, el alcalde, los diputados y dem\u00e1s animalitos del Se\u00f1or que pertenecen a esta fauna\u2026<\/p>\n<p>A T\u00edo Fide le enjaretaron la leyenda de ser un cabr\u00f3n para eso de poner apodos: A Ranulfo M\u00e1rquez, Cabeza de Lata; a Erick Lagos, Chilly Willy; a David Velasco Chedraui, Tont\u00edn; Alfredo G\u00e1ndara, la Marrana Parada; Marco Theurel, La Tesorito, Laura Le\u00f3n; Rosa Gloria Chagoy\u00e1n, Salvador S\u00e1nchez Estrada; Barbie Constructora, Memo Herrera; Gustavo Arr\u00f3niz, el Toma-Todo; Carlos Garc\u00eda M\u00e9ndez, Oreja Doblada; el ChiquiPerro, Miguel \u00c1ngel Yunes M\u00e1rquez; la Chacala, Carlos Nolasco; Edel Alvarez Pe\u00f1a, Cara\u2019e\u2019Muela; Ricardo Landa, el Gato Modorro; Ra\u00fal Ramos Vicarte, La Bailarina; Miguel \u00c1ngel D\u00edaz Pedroza, Pelos de Algod\u00f3n; Ignacio Gonz\u00e1lez Rebolledo, Pelos de Alambre; Tom\u00e1s Carrillo S\u00e1nchez, El Pijul; La Esmeralda, Marcelo Montiel; Tom\u00e1s Rubio, El Pich\u00f3n Pre\u00f1ao\u2026<\/p>\n<p>Aunque hay otros apodos legendarios que no tienen la autor\u00eda del oriundo de Nopaltepec como El Muerto, Edmundo Mart\u00ednez Zaleta; Ch\u00f3foro Hern\u00e1ndez Cerecedo; La Chiquita Uscanga; Guillermo Capulina Z\u00fa\u00f1iga; Joel Arcos, El Tuercas; El Chino Flavino R\u00edos; La Gorgolocha, Fernando Charleston; Juan Nicol\u00e1s Ojo de Vidrio Callejas (Qepd); Armando La Rana Ren\u00e9 M\u00e9ndez de la Luz; El Ciego, Ricardo Olivares; Amadeo Flores, El Tibur\u00f3n y Caballo Loco, Dante Delgado\u2026 por cierto, tambi\u00e9n est\u00e1 Mauro Loyo Varela, el Pito Loco y mi amigo Rafael El Loco Ochoa.<\/p>\n<p>Igual hay que mencionar a Luis Sardi\u00f1as Salgado, el Co\u00f1o Loco, surgido de las caricaturas de Alberto Morales, as\u00ed como El Perico del Rector, V\u00edctor Arredondo \u00c1lvarez, adem\u00e1s de El Lotero, Paco Esparza.<\/p>\n<p>Y qu\u00e9 decir de La Flecha Murillo y El Capit\u00e1n Chanclas junto con los Negritos Bembones Alfredo y Ram\u00f3n Ferrari, o Los Huevos, Rodrigo y Ricardo Garc\u00eda Escalante\u2026 por cierto, a su padre, Ricardo Garc\u00eda Guzm\u00e1n, le dec\u00edan El \u00d1o\u00f1o; y ya que hablamos de conjuntos pues estuvieron las Barbies del PRI.<\/p>\n<p>Entre los panistas podemos citar a El Chapito Joaqu\u00edn Guzm\u00e1n Avil\u00e9s; a Omar El Cari\u00f1o Miranda; Sergio Hern\u00e1ndez, He-Man; El Dipu-Tito Delf\u00edn Cano; El Miky Bingen Rementer\u00eda; Marigraz La Belinda Hern\u00e1ndez y El Indio Brayan Ricardo Serna Barajas, que con barba, no se entiende el apodo\u2026 de paso recordemos a El Gato Seco Jos\u00e9 Kirsch.<\/p>\n<p>Claro que hay algunos que llegan con su apodo endilgado desde la infancia, como es el caso del Pipiolo Juan Manuel de Unanue o el del Car\u00f3n, Juan Javier G\u00f3mez Cazar\u00edn; en el caso de Zenyazen, no cuenta como apodo El Tarzan Boy porque era su nombre art\u00edstico&#8230; otros, por sus estudios: El Chileno, Vicente Ben\u00edtez; y hay unos que se dan por declaraciones, como le pas\u00f3 a Tava Ortega con Pepe Yunes: Huevos Tibios. O cuando se filtr\u00f3 una conversaci\u00f3n de Fidel Herrera y hablaba de Duarte, y que le dec\u00edan El Reapendejado, aunque muchos lo niegan y dicen que en corto le apod\u00f3 Voz de Pito.<\/p>\n<p>Por cierto, Javier Duarte quiso seguir la escuela de apodos de Fidel, bautizando a Beto Silva, El Cisne, como El Pavorreal; y a Erick Lagos, El Chilly Willy, como el Michigan, \u201cpor ser de los Lagos, el m\u00e1s grande\u2026\u201d&nbsp;<\/p>\n<p>Claro que Fidel Herrera tampoco se salv\u00f3 de apodos, entre ellos El Chanoc (como dicen que \u00e9l mismo se autonombraba), La Nauyaca o El Chango Asado, aunque cuenta la leyenda que siendo gobernador, visit\u00f3 la Cuenca y un tipo se la pasaba gritando tratando de llamar su atenci\u00f3n: \u201c\u00a1Fidel! \u00a1Fidel!!\u201d y nada, nom\u00e1s lo ignoraba\u2026 \u201c\u00a1Fidel! \u00a1Fidel!\u201d, y nada, como que no lo o\u00eda\u2026 entonces, de plano, el cuate empez\u00f3 a gritar \u201c\u00a1Frijol! \u00a1Frijol! \u00a1Frijol!\u201d y de inmediato que acude el Gobernador y que le dice que no lo llamara as\u00ed\u2026 al poco tiempo, este cuate ya era Delegado de Tr\u00e1nsito.&nbsp;&nbsp;<\/p>\n<p>En conclusi\u00f3n, quiz\u00e1s por el desarraigo que tiene de Veracruz, a Eric Cisneros le puede parecer ofensivo que le llamen Bola 8, aunque cuenta la leyenda que en Baja California le dec\u00edan \u201cPedacito de Chapopote\u201d&#8230; lo mejor que puede hacer, es no hacer caso al apodo y trabajar, as\u00ed, como lo hace el Se\u00f1or Cacas que ni siquiera chista de su mote.<\/p>\n<p>smcainito@gmail.com<\/p>\n","protected":false},"excerpt":{"rendered":"<p>Los Pol\u00edticos Salvador Mu\u00f1oz La primera pregunta que le hice a Fidel Herrera Beltr\u00e1n como Gobernador electo fue \u201c\u00bfTiene usted humor negro?\u201d \u00a1Para qu\u00e9! Su respuesta fue tajante, seca, mientras se arremangaba saco y camisa para mostrarme su antebrazo: \u201c\u00bfLo dices por la pigmentaci\u00f3n de mi piel?\u201d, y me se\u00f1alaba con su dedo (negro, por [&hellip;]<\/p>\n","protected":false},"author":1,"featured_media":70,"comment_status":"open","ping_status":"open","sticky":false,"template":"","format":"standard","meta":{"_jetpack_memberships_contains_paid_content":false,"footnotes":""},"categories":[11],"tags":[],"class_list":["post-290","post","type-post","status-publish","format-standard","has-post-thumbnail","hentry","category-opinion"],"jetpack_featured_media_url":"https:\/\/encuentroinformativo.com.mx\/wp-content\/uploads\/2020\/02\/opinion-invitado.jpg","jetpack_sharing_enabled":true,"jetpack_likes_enabled":true,"amp_enabled":true,"_links":{"self":[{"href":"https:\/\/encuentroinformativo.com.mx\/index.php?rest_route=\/wp\/v2\/posts\/290","targetHints":{"allow":["GET"]}}],"collection":[{"href":"https:\/\/encuentroinformativo.com.mx\/index.php?rest_route=\/wp\/v2\/posts"}],"about":[{"href":"https:\/\/encuentroinformativo.com.mx\/index.php?rest_route=\/wp\/v2\/types\/post"}],"author":[{"embeddable":true,"href":"https:\/\/encuentroinformativo.com.mx\/index.php?rest_route=\/wp\/v2\/users\/1"}],"replies":[{"embeddable":true,"href":"https:\/\/encuentroinformativo.com.mx\/index.php?rest_route=%2Fwp%2Fv2%2Fcomments&post=290"}],"version-history":[{"count":1,"href":"https:\/\/encuentroinformativo.com.mx\/index.php?rest_route=\/wp\/v2\/posts\/290\/revisions"}],"predecessor-version":[{"id":353,"href":"https:\/\/encuentroinformativo.com.mx\/index.php?rest_route=\/wp\/v2\/posts\/290\/revisions\/353"}],"wp:featuredmedia":[{"embeddable":true,"href":"https:\/\/encuentroinformativo.com.mx\/index.php?rest_route=\/wp\/v2\/media\/70"}],"wp:attachment":[{"href":"https:\/\/encuentroinformativo.com.mx\/index.php?rest_route=%2Fwp%2Fv2%2Fmedia&parent=290"}],"wp:term":[{"taxonomy":"category","embeddable":true,"href":"https:\/\/encuentroinformativo.com.mx\/index.php?rest_route=%2Fwp%2Fv2%2Fcategories&post=290"},{"taxonomy":"post_tag","embeddable":true,"href":"https:\/\/encuentroinformativo.com.mx\/index.php?rest_route=%2Fwp%2Fv2%2Ftags&post=290"}],"curies":[{"name":"wp","href":"https:\/\/api.w.org\/{rel}","templated":true}]}}