{"id":29017,"date":"2022-07-04T12:57:44","date_gmt":"2022-07-04T17:57:44","guid":{"rendered":"https:\/\/encuentroinformativo.com.mx\/?p=29017"},"modified":"2022-07-04T12:57:48","modified_gmt":"2022-07-04T17:57:48","slug":"buscan-misantla-y-naolinco-certificacion-como-pueblo-magico","status":"publish","type":"post","link":"https:\/\/encuentroinformativo.com.mx\/?p=29017","title":{"rendered":"Buscan Misantla y Naolinco certificaci\u00f3n como Pueblo M\u00e1gico"},"content":{"rendered":"\n<p><strong>Alejandro \u00c1vila<\/strong><\/p>\n\n\n\n<p>Boca del R\u00edo, Ver.- Los municipios de Misantla y Naolinco son qui\u00e9nes llevan los tr\u00e1mites m\u00e1s avanzados en busca de la certificaci\u00f3n como Pueblo M\u00e1gico, mencion\u00f3 el secretario de Turismo, Iv\u00e1n Francisco Mart\u00ednez Olvera.<\/p>\n\n\n\n<p>El funcionario estatal reconoci\u00f3 que&nbsp; existen muchas solicitudes de municipios que buscan ganarse el nombramiento como Pueblo M\u00e1gico; sin embargo, aclar\u00f3 que, esto no solo depende de los mismos Ayuntamientos y del Gobierno del Estado, sino de lograr con la ciudadan\u00eda las condiciones suficientes que convenzan al Gobierno Federal.<\/p>\n\n\n\n<p>&#8220;Ha solicitado Misantla, ha solicitado a Naolinco, son los que van m\u00e1s avanzados. Algunos otros tienen inquietudes, muchos tienen inquietudes, pero son los que m\u00e1s van avanzados&#8221;, apunt\u00f3.<\/p>\n\n\n\n<p>Una vez concluida la pandemia, la Secretar\u00eda de Turismo de Veracruz ha priorizado reactivar la econom\u00eda, no solo en los destinos tur\u00edsticos de playa, por lo que enfoc\u00f3 sus esfuerzos en promocionar en este 2022, los Pueblos M\u00e1gicos de la entidad veracruzana.<\/p>\n\n\n\n<p>Actualmente Veracruz cuenta con 6 Pueblos M\u00e1gicos, los cu\u00e1les son: Coscomatepec, Orizaba, Xico, Coatepec, Papantla y Zozocolco.<\/p>\n","protected":false},"excerpt":{"rendered":"<p>Alejandro \u00c1vila Boca del R\u00edo, Ver.- Los municipios de Misantla y Naolinco son qui\u00e9nes llevan los tr\u00e1mites m\u00e1s avanzados en busca de la certificaci\u00f3n como Pueblo M\u00e1gico, mencion\u00f3 el secretario de Turismo, Iv\u00e1n Francisco Mart\u00ednez Olvera. El funcionario estatal reconoci\u00f3 que&nbsp; existen muchas solicitudes de municipios que buscan ganarse el nombramiento como Pueblo M\u00e1gico; sin [&hellip;]<\/p>\n","protected":false},"author":1,"featured_media":29018,"comment_status":"open","ping_status":"open","sticky":false,"template":"","format":"standard","meta":{"_jetpack_memberships_contains_paid_content":false,"footnotes":""},"categories":[2],"tags":[],"class_list":["post-29017","post","type-post","status-publish","format-standard","has-post-thumbnail","hentry","category-estado"],"jetpack_featured_media_url":"https:\/\/encuentroinformativo.com.mx\/wp-content\/uploads\/2022\/07\/B144FFF6-EE69-4106-872B-E55D44B9051C.jpeg","jetpack_sharing_enabled":true,"jetpack_likes_enabled":true,"amp_enabled":true,"_links":{"self":[{"href":"https:\/\/encuentroinformativo.com.mx\/index.php?rest_route=\/wp\/v2\/posts\/29017","targetHints":{"allow":["GET"]}}],"collection":[{"href":"https:\/\/encuentroinformativo.com.mx\/index.php?rest_route=\/wp\/v2\/posts"}],"about":[{"href":"https:\/\/encuentroinformativo.com.mx\/index.php?rest_route=\/wp\/v2\/types\/post"}],"author":[{"embeddable":true,"href":"https:\/\/encuentroinformativo.com.mx\/index.php?rest_route=\/wp\/v2\/users\/1"}],"replies":[{"embeddable":true,"href":"https:\/\/encuentroinformativo.com.mx\/index.php?rest_route=%2Fwp%2Fv2%2Fcomments&post=29017"}],"version-history":[{"count":1,"href":"https:\/\/encuentroinformativo.com.mx\/index.php?rest_route=\/wp\/v2\/posts\/29017\/revisions"}],"predecessor-version":[{"id":29019,"href":"https:\/\/encuentroinformativo.com.mx\/index.php?rest_route=\/wp\/v2\/posts\/29017\/revisions\/29019"}],"wp:featuredmedia":[{"embeddable":true,"href":"https:\/\/encuentroinformativo.com.mx\/index.php?rest_route=\/wp\/v2\/media\/29018"}],"wp:attachment":[{"href":"https:\/\/encuentroinformativo.com.mx\/index.php?rest_route=%2Fwp%2Fv2%2Fmedia&parent=29017"}],"wp:term":[{"taxonomy":"category","embeddable":true,"href":"https:\/\/encuentroinformativo.com.mx\/index.php?rest_route=%2Fwp%2Fv2%2Fcategories&post=29017"},{"taxonomy":"post_tag","embeddable":true,"href":"https:\/\/encuentroinformativo.com.mx\/index.php?rest_route=%2Fwp%2Fv2%2Ftags&post=29017"}],"curies":[{"name":"wp","href":"https:\/\/api.w.org\/{rel}","templated":true}]}}