{"id":29029,"date":"2022-07-04T15:41:53","date_gmt":"2022-07-04T20:41:53","guid":{"rendered":"https:\/\/encuentroinformativo.com.mx\/?p=29029"},"modified":"2022-07-04T15:41:56","modified_gmt":"2022-07-04T20:41:56","slug":"reforma-electoral-es-regresiva-afirma-consejero-del-ine","status":"publish","type":"post","link":"https:\/\/encuentroinformativo.com.mx\/?p=29029","title":{"rendered":"Reforma Electoral es regresiva; afirma consejero del INE"},"content":{"rendered":"\n<p><strong>Juan Arcos <\/strong><\/p>\n\n\n\n<p>Xalapa, Ver.- La reforma electoral presentada por el presidente Andr\u00e9s Manuel L\u00f3pez Obrador el pasado 28 de abril es \u201cregresiva\u201d y afecta al avance democr\u00e1tico del pa\u00eds porque pretende \u201cdesmantelar\u201d al Instituto Nacional Electoral (INE).<\/p>\n\n\n\n<p>As\u00ed lo consider\u00f3 el consejero del INE, Roberto Ruiz Salda\u00f1a, quien a\u00f1adi\u00f3 que ser\u00eda despedido todo el funcionariado del servicio profesional que participa en la realizaci\u00f3n de las elecciones.<\/p>\n\n\n\n<p>\u201cSe ir\u00edan a la calle, porque se pretende que haya \u00f3rganos temporales, contratando a personal temporal y si algo le beneficia a un pa\u00eds es que las instituciones tengan servicios civiles de carrera\u201d, expres\u00f3.<\/p>\n\n\n\n<p>A\u00f1adi\u00f3 que las instituciones deben ser independientes de los colores partidistas y los gobernantes para garantizar los procesos democr\u00e1ticos.<\/p>\n\n\n\n<p>Adem\u00e1s, la propuesta del mandatario federal pretende retirar la administraci\u00f3n y actualizaci\u00f3n del padr\u00f3n electoral al INE; sin embargo, no se especifica qui\u00e9n estar\u00eda a cargo.<\/p>\n\n\n\n<p>\u201cNo se dice a manos de qui\u00e9n pasar\u00eda pero s\u00ed se puede pensar, no se necesita ser muy perspicaz para pensar que se desea pasar al gobierno federal la administraci\u00f3n del padr\u00f3n electoral\u201d, enfatiz\u00f3 Ruiz Salda\u00f1a.<\/p>\n\n\n\n<p>El Consejo del INE record\u00f3 que cuando el padr\u00f3n electoral era administrado por el gobierno federal se detectaron diversas anomal\u00edas, como votos por parte de personas fallecidas.<\/p>\n\n\n\n<p>Mencion\u00f3 que las diputadas y diputados federales realizar\u00e1n un parlamento abierto donde se espera que haya un debate para analizar la modificaci\u00f3n a 18 art\u00edculos constitucionales, como parte de la propuesta de AMLO.<\/p>\n","protected":false},"excerpt":{"rendered":"<p>Juan Arcos Xalapa, Ver.- La reforma electoral presentada por el presidente Andr\u00e9s Manuel L\u00f3pez Obrador el pasado 28 de abril es \u201cregresiva\u201d y afecta al avance democr\u00e1tico del pa\u00eds porque pretende \u201cdesmantelar\u201d al Instituto Nacional Electoral (INE). As\u00ed lo consider\u00f3 el consejero del INE, Roberto Ruiz Salda\u00f1a, quien a\u00f1adi\u00f3 que ser\u00eda despedido todo el funcionariado [&hellip;]<\/p>\n","protected":false},"author":1,"featured_media":29030,"comment_status":"open","ping_status":"open","sticky":false,"template":"","format":"standard","meta":{"_jetpack_memberships_contains_paid_content":false,"footnotes":""},"categories":[2],"tags":[],"class_list":["post-29029","post","type-post","status-publish","format-standard","has-post-thumbnail","hentry","category-estado"],"jetpack_featured_media_url":"https:\/\/encuentroinformativo.com.mx\/wp-content\/uploads\/2022\/07\/5608A0CC-D403-4BBD-888F-B064C6432F34.jpeg","jetpack_sharing_enabled":true,"jetpack_likes_enabled":true,"amp_enabled":true,"_links":{"self":[{"href":"https:\/\/encuentroinformativo.com.mx\/index.php?rest_route=\/wp\/v2\/posts\/29029","targetHints":{"allow":["GET"]}}],"collection":[{"href":"https:\/\/encuentroinformativo.com.mx\/index.php?rest_route=\/wp\/v2\/posts"}],"about":[{"href":"https:\/\/encuentroinformativo.com.mx\/index.php?rest_route=\/wp\/v2\/types\/post"}],"author":[{"embeddable":true,"href":"https:\/\/encuentroinformativo.com.mx\/index.php?rest_route=\/wp\/v2\/users\/1"}],"replies":[{"embeddable":true,"href":"https:\/\/encuentroinformativo.com.mx\/index.php?rest_route=%2Fwp%2Fv2%2Fcomments&post=29029"}],"version-history":[{"count":1,"href":"https:\/\/encuentroinformativo.com.mx\/index.php?rest_route=\/wp\/v2\/posts\/29029\/revisions"}],"predecessor-version":[{"id":29031,"href":"https:\/\/encuentroinformativo.com.mx\/index.php?rest_route=\/wp\/v2\/posts\/29029\/revisions\/29031"}],"wp:featuredmedia":[{"embeddable":true,"href":"https:\/\/encuentroinformativo.com.mx\/index.php?rest_route=\/wp\/v2\/media\/29030"}],"wp:attachment":[{"href":"https:\/\/encuentroinformativo.com.mx\/index.php?rest_route=%2Fwp%2Fv2%2Fmedia&parent=29029"}],"wp:term":[{"taxonomy":"category","embeddable":true,"href":"https:\/\/encuentroinformativo.com.mx\/index.php?rest_route=%2Fwp%2Fv2%2Fcategories&post=29029"},{"taxonomy":"post_tag","embeddable":true,"href":"https:\/\/encuentroinformativo.com.mx\/index.php?rest_route=%2Fwp%2Fv2%2Ftags&post=29029"}],"curies":[{"name":"wp","href":"https:\/\/api.w.org\/{rel}","templated":true}]}}