{"id":29038,"date":"2022-07-04T16:03:50","date_gmt":"2022-07-04T21:03:50","guid":{"rendered":"https:\/\/encuentroinformativo.com.mx\/?p=29038"},"modified":"2022-07-04T16:03:53","modified_gmt":"2022-07-04T21:03:53","slug":"denuncian-a-princeso-de-carnaval-por-violencia-familiar","status":"publish","type":"post","link":"https:\/\/encuentroinformativo.com.mx\/?p=29038","title":{"rendered":"Denuncian a princeso de carnaval por violencia familiar"},"content":{"rendered":"\n<p><strong>Alejandro \u00c1vila<\/strong><\/p>\n\n\n\n<p>Veracruz, Ver.- El princeso del Carnaval de Veracruz, &#8220;Eru Panda&#8221; fue denunciado la tarde de este domingo 3 de julio, por presunta violencia familiar en contra de su pareja sentimental.<\/p>\n\n\n\n<p>La denuncia qued\u00f3 asentada en la carpeta de investigaci\u00f3n VER\/XVDII\/FEMUJ\/F6\/2088\/2022, y fue hecha por su pareja, Rosalinda C. L.<\/p>\n\n\n\n<p>La querella fue interpuesta en la Fiscal\u00eda Sexta Especializada en Investigaci\u00f3n de Delitos de Violencia contra la Familia, Mujeres y Ni\u00f1os; en ella se pide que se investigue a Erubiel Santiago S.M.<\/p>\n\n\n\n<p>De la investigaci\u00f3n se debe conocer la relaci\u00f3n entre la v\u00edctima y el agresor, si existen antecedentes de violencia y mandamientos judiciales en contra el presunto agresor, entre otros.<\/p>\n\n\n\n<p>&#8220;Eru Panda&#8221; se encuentra participando en el Carnaval de Veracruz 2022 ya que fue elegido como princeso.<\/p>\n\n\n\n<p>La agraviada Rosalinda C.L. p\u00fablico en sus redes sociales&nbsp; &#8220;Eru Panda&#8221;, su presunto agresor la golpe\u00f3 en reiteradas ocasiones al encontrarse en estado de ebriedad, tras un reclamo sobre infidelidad.<\/p>\n","protected":false},"excerpt":{"rendered":"<p>Alejandro \u00c1vila Veracruz, Ver.- El princeso del Carnaval de Veracruz, &#8220;Eru Panda&#8221; fue denunciado la tarde de este domingo 3 de julio, por presunta violencia familiar en contra de su pareja sentimental. La denuncia qued\u00f3 asentada en la carpeta de investigaci\u00f3n VER\/XVDII\/FEMUJ\/F6\/2088\/2022, y fue hecha por su pareja, Rosalinda C. L. La querella fue interpuesta [&hellip;]<\/p>\n","protected":false},"author":1,"featured_media":29039,"comment_status":"open","ping_status":"open","sticky":false,"template":"","format":"standard","meta":{"_jetpack_memberships_contains_paid_content":false,"footnotes":""},"categories":[2],"tags":[],"class_list":["post-29038","post","type-post","status-publish","format-standard","has-post-thumbnail","hentry","category-estado"],"jetpack_featured_media_url":"https:\/\/encuentroinformativo.com.mx\/wp-content\/uploads\/2022\/07\/56E7D852-0CBD-4AEE-8A24-84274681AD61.jpeg","jetpack_sharing_enabled":true,"jetpack_likes_enabled":true,"amp_enabled":true,"_links":{"self":[{"href":"https:\/\/encuentroinformativo.com.mx\/index.php?rest_route=\/wp\/v2\/posts\/29038","targetHints":{"allow":["GET"]}}],"collection":[{"href":"https:\/\/encuentroinformativo.com.mx\/index.php?rest_route=\/wp\/v2\/posts"}],"about":[{"href":"https:\/\/encuentroinformativo.com.mx\/index.php?rest_route=\/wp\/v2\/types\/post"}],"author":[{"embeddable":true,"href":"https:\/\/encuentroinformativo.com.mx\/index.php?rest_route=\/wp\/v2\/users\/1"}],"replies":[{"embeddable":true,"href":"https:\/\/encuentroinformativo.com.mx\/index.php?rest_route=%2Fwp%2Fv2%2Fcomments&post=29038"}],"version-history":[{"count":1,"href":"https:\/\/encuentroinformativo.com.mx\/index.php?rest_route=\/wp\/v2\/posts\/29038\/revisions"}],"predecessor-version":[{"id":29040,"href":"https:\/\/encuentroinformativo.com.mx\/index.php?rest_route=\/wp\/v2\/posts\/29038\/revisions\/29040"}],"wp:featuredmedia":[{"embeddable":true,"href":"https:\/\/encuentroinformativo.com.mx\/index.php?rest_route=\/wp\/v2\/media\/29039"}],"wp:attachment":[{"href":"https:\/\/encuentroinformativo.com.mx\/index.php?rest_route=%2Fwp%2Fv2%2Fmedia&parent=29038"}],"wp:term":[{"taxonomy":"category","embeddable":true,"href":"https:\/\/encuentroinformativo.com.mx\/index.php?rest_route=%2Fwp%2Fv2%2Fcategories&post=29038"},{"taxonomy":"post_tag","embeddable":true,"href":"https:\/\/encuentroinformativo.com.mx\/index.php?rest_route=%2Fwp%2Fv2%2Ftags&post=29038"}],"curies":[{"name":"wp","href":"https:\/\/api.w.org\/{rel}","templated":true}]}}