{"id":29043,"date":"2022-07-04T16:20:30","date_gmt":"2022-07-04T21:20:30","guid":{"rendered":"https:\/\/encuentroinformativo.com.mx\/?p=29043"},"modified":"2022-07-04T16:20:34","modified_gmt":"2022-07-04T21:20:34","slug":"siguen-3-lineas-de-investigacion-por-multihomicidio-de-boca-del-rio","status":"publish","type":"post","link":"https:\/\/encuentroinformativo.com.mx\/?p=29043","title":{"rendered":"Siguen 3 l\u00edneas de investigaci\u00f3n por multihomicidio de Boca Del R\u00edo"},"content":{"rendered":"\n<p><strong>Dario Pale <\/strong><\/p>\n\n\n\n<p>Xalapa, Ver.- El gobernador del estado Cuitl\u00e1huac Garc\u00eda Jim\u00e9nez dio a conocer que la Fiscal\u00eda General del Estado (FGE) sigue tres l\u00edneas de investigaci\u00f3n en multihomicidio de Boca del R\u00edo y confirm\u00f3 que son cuatro veracruzanos los que fallecieron en Estados Unidos.<\/p>\n\n\n\n<p>En conferencia de prensa el gobernador dio a conocer que se siguen tres l\u00edneas de investigaci\u00f3n por el multihomicidio ocurrido la noche del domingo en el municipio de Boca del R\u00edo, en donde asesinaron a siete integrantes de una misma familia.<\/p>\n\n\n\n<p>Expres\u00f3 que desde que se tuvo conocimiento de estos hechos se inici\u00f3 un operativo, donde defini\u00f3 que dicho operativo va a ser permanente hasta dar con los responsables.<\/p>\n\n\n\n<p>Coment\u00f3 que la ma\u00f1ana de este lunes en la mesa de la Coordinaci\u00f3n Estatal para la Construcci\u00f3n de la Paz decidieron reforzarlo con la coordinaci\u00f3n entre Seguridad P\u00fablica del Estado, fuerzas federales y la Fiscal\u00eda General del Estado.<\/p>\n\n\n\n<p>&#8220;Coordinadamente estaremos actuando como ustedes saben y como lo hemos ido garantizando, sobre el programa de cero impunidad, aqu\u00ed tambi\u00e9n vamos a dar con los responsables&#8221;, afirm\u00f3.<\/p>\n\n\n\n<p>Fue ah\u00ed donde revel\u00f3 que los primeros indicios recabados apuntan a tres l\u00edneas de investigaci\u00f3n, sin embargo, adelant\u00f3 que en las pr\u00f3ximas horas podr\u00edan &#8220;afinarse&#8221; y dejar solo dos de esas l\u00edneas.<\/p>\n\n\n\n<p>&#8220;Pero como lo hace bien la Fiscal\u00eda, siempre mantiene abiertas todas las posibles, a fin de ser eficientes, muy pulcros en el trabajo de investigaci\u00f3n&#8221;, enfatiz\u00f3.<\/p>\n\n\n\n<p><strong>Caso Migrantes <\/strong><\/p>\n\n\n\n<p>En otro orden de ideas, el gobernador del estado confirm\u00f3 lo que hab\u00eda dicho el director de Atenci\u00f3n a Migrantes, en el sentido de que son cuatro los fallecidos que se han confirmado en Estados Unidos, de igual forma hay, dos m\u00e1s que se est\u00e1n buscando y que son oriundos del municipio de Misantla.<\/p>\n\n\n\n<p>&#8220;Son de Naolinco, de Santiago Sochiapan, los municipios de donde se reportan los casos confirmados y los dos que estamos con informaci\u00f3n todav\u00eda por confirmar de Misantla&#8221;, se\u00f1al\u00f3.<br>El Ejecutivo agreg\u00f3 que conforme vayan avanzando y recogiendo mayores indicios los dar\u00e1n a conocer, adem\u00e1s de la informaci\u00f3n que les proporcione la Secretar\u00eda de Relaciones Exteriores para atender a los familiares.<br>Recalc\u00f3 que apoyar\u00e1n en el traslado de los cuerpos hacia sus lugares de origen, &#8220;Esperamos que se identifique a todas las v\u00edctimas y termine la zozobra de los familiares&#8221;.<\/p>\n\n\n\n<p>Un compa\u00f1ero reportero de un medio televisivo inform\u00f3 en sus redes sociales que Jes\u00fas \u00c1lvarez, de 43 a\u00f1os viaj\u00f3 al vecino pa\u00eds del norte y a decir de la familia, se encontraba entre los migrantes hallados muertos en el trailer en San Antonio Texas.\u00a0<\/p>\n\n\n\n<p>Junto con Jes\u00fas viaj\u00f3 su sobrino Pablo de 20 a\u00f1os, quien tambi\u00e9n habr\u00eda perdido la vida.<br><\/p>\n","protected":false},"excerpt":{"rendered":"<p>Dario Pale Xalapa, Ver.- El gobernador del estado Cuitl\u00e1huac Garc\u00eda Jim\u00e9nez dio a conocer que la Fiscal\u00eda General del Estado (FGE) sigue tres l\u00edneas de investigaci\u00f3n en multihomicidio de Boca del R\u00edo y confirm\u00f3 que son cuatro veracruzanos los que fallecieron en Estados Unidos. En conferencia de prensa el gobernador dio a conocer que se [&hellip;]<\/p>\n","protected":false},"author":2476,"featured_media":29042,"comment_status":"open","ping_status":"open","sticky":false,"template":"","format":"standard","meta":{"_jetpack_memberships_contains_paid_content":false,"footnotes":""},"categories":[2],"tags":[],"class_list":["post-29043","post","type-post","status-publish","format-standard","has-post-thumbnail","hentry","category-estado"],"jetpack_featured_media_url":"https:\/\/encuentroinformativo.com.mx\/wp-content\/uploads\/2022\/07\/51D0571B-92E4-4724-9A0C-07ACA96E72C0.jpeg","jetpack_sharing_enabled":true,"jetpack_likes_enabled":true,"amp_enabled":true,"_links":{"self":[{"href":"https:\/\/encuentroinformativo.com.mx\/index.php?rest_route=\/wp\/v2\/posts\/29043","targetHints":{"allow":["GET"]}}],"collection":[{"href":"https:\/\/encuentroinformativo.com.mx\/index.php?rest_route=\/wp\/v2\/posts"}],"about":[{"href":"https:\/\/encuentroinformativo.com.mx\/index.php?rest_route=\/wp\/v2\/types\/post"}],"author":[{"embeddable":true,"href":"https:\/\/encuentroinformativo.com.mx\/index.php?rest_route=\/wp\/v2\/users\/2476"}],"replies":[{"embeddable":true,"href":"https:\/\/encuentroinformativo.com.mx\/index.php?rest_route=%2Fwp%2Fv2%2Fcomments&post=29043"}],"version-history":[{"count":1,"href":"https:\/\/encuentroinformativo.com.mx\/index.php?rest_route=\/wp\/v2\/posts\/29043\/revisions"}],"predecessor-version":[{"id":29044,"href":"https:\/\/encuentroinformativo.com.mx\/index.php?rest_route=\/wp\/v2\/posts\/29043\/revisions\/29044"}],"wp:featuredmedia":[{"embeddable":true,"href":"https:\/\/encuentroinformativo.com.mx\/index.php?rest_route=\/wp\/v2\/media\/29042"}],"wp:attachment":[{"href":"https:\/\/encuentroinformativo.com.mx\/index.php?rest_route=%2Fwp%2Fv2%2Fmedia&parent=29043"}],"wp:term":[{"taxonomy":"category","embeddable":true,"href":"https:\/\/encuentroinformativo.com.mx\/index.php?rest_route=%2Fwp%2Fv2%2Fcategories&post=29043"},{"taxonomy":"post_tag","embeddable":true,"href":"https:\/\/encuentroinformativo.com.mx\/index.php?rest_route=%2Fwp%2Fv2%2Ftags&post=29043"}],"curies":[{"name":"wp","href":"https:\/\/api.w.org\/{rel}","templated":true}]}}