{"id":29046,"date":"2022-07-04T19:59:59","date_gmt":"2022-07-05T00:59:59","guid":{"rendered":"https:\/\/encuentroinformativo.com.mx\/?p=29046"},"modified":"2022-07-04T20:00:03","modified_gmt":"2022-07-05T01:00:03","slug":"siempre-si-graderos-realizaron-cobros-en-desfile-del-lunes","status":"publish","type":"post","link":"https:\/\/encuentroinformativo.com.mx\/?p=29046","title":{"rendered":"\u00a1Siempre s\u00ed! Graderos realizaron cobros en desfile del lunes"},"content":{"rendered":"\n<p><strong>Alejandro \u00c1vila<\/strong><\/p>\n\n\n\n<p>Veracruz, Ver.- De com\u00fan acuerdo con el Comit\u00e9 de Carnaval de Veracruz, la Uni\u00f3n de Graderos confirm\u00f3 que, para el desfile de este lunes, s\u00ed habr\u00e1 un cobro por asiento para los asistentes al paseo.<\/p>\n\n\n\n<p>El el argumento de los graderos fue que, durante los paseos del s\u00e1bado y domingo hubo una mala organizaci\u00f3n, por lo cual el desfile comenz\u00f3 demasiado tarde, y en muchos casos la gente decidi\u00f3 retirarse del bulevar &#8220;Manuel \u00c1vila Camacho&#8221;, por lo que tuvieron perdidas econ\u00f3micas.<\/p>\n\n\n\n<p>&#8220;Nos ponen a cobrar, no podemos pedirle 100 pesos a la gente por un desfile que no vale la pena, \u00bfcuando lo van a pagar?, van a base de nuestras costillas este desfile gratis (del d\u00eda lunes). M\u00e1ximo 40 (pesos)&#8221;, mencion\u00f3 Celia Hern\u00e1ndez, presidenta de la Uni\u00f3n de Graderos de Veracruz.<\/p>\n\n\n\n<p>Durante el transcurso de la tarde, el Comit\u00e9 de Carnaval tendr\u00e1 que informar de manera oficial esta medida que se tom\u00f3 de com\u00fan acuerdo con los graderos, quienes desistieron de bloquear el desfile de este lunes como se ten\u00eda previsto de no llegar a un arreglo.<\/p>\n\n\n\n<p>Es de mencionar que este lunes y martes se tiene previstos dos desfiles por la tarde, mismo que deben iniciar a las 18:30 horas.<\/p>\n","protected":false},"excerpt":{"rendered":"<p>Alejandro \u00c1vila Veracruz, Ver.- De com\u00fan acuerdo con el Comit\u00e9 de Carnaval de Veracruz, la Uni\u00f3n de Graderos confirm\u00f3 que, para el desfile de este lunes, s\u00ed habr\u00e1 un cobro por asiento para los asistentes al paseo. El el argumento de los graderos fue que, durante los paseos del s\u00e1bado y domingo hubo una mala [&hellip;]<\/p>\n","protected":false},"author":1,"featured_media":29047,"comment_status":"open","ping_status":"open","sticky":false,"template":"","format":"standard","meta":{"_jetpack_memberships_contains_paid_content":false,"footnotes":""},"categories":[2],"tags":[],"class_list":["post-29046","post","type-post","status-publish","format-standard","has-post-thumbnail","hentry","category-estado"],"jetpack_featured_media_url":"https:\/\/encuentroinformativo.com.mx\/wp-content\/uploads\/2022\/07\/7DAADB44-949A-45F7-A35C-F8F69DD3FB4E.jpeg","jetpack_sharing_enabled":true,"jetpack_likes_enabled":true,"amp_enabled":true,"_links":{"self":[{"href":"https:\/\/encuentroinformativo.com.mx\/index.php?rest_route=\/wp\/v2\/posts\/29046","targetHints":{"allow":["GET"]}}],"collection":[{"href":"https:\/\/encuentroinformativo.com.mx\/index.php?rest_route=\/wp\/v2\/posts"}],"about":[{"href":"https:\/\/encuentroinformativo.com.mx\/index.php?rest_route=\/wp\/v2\/types\/post"}],"author":[{"embeddable":true,"href":"https:\/\/encuentroinformativo.com.mx\/index.php?rest_route=\/wp\/v2\/users\/1"}],"replies":[{"embeddable":true,"href":"https:\/\/encuentroinformativo.com.mx\/index.php?rest_route=%2Fwp%2Fv2%2Fcomments&post=29046"}],"version-history":[{"count":1,"href":"https:\/\/encuentroinformativo.com.mx\/index.php?rest_route=\/wp\/v2\/posts\/29046\/revisions"}],"predecessor-version":[{"id":29048,"href":"https:\/\/encuentroinformativo.com.mx\/index.php?rest_route=\/wp\/v2\/posts\/29046\/revisions\/29048"}],"wp:featuredmedia":[{"embeddable":true,"href":"https:\/\/encuentroinformativo.com.mx\/index.php?rest_route=\/wp\/v2\/media\/29047"}],"wp:attachment":[{"href":"https:\/\/encuentroinformativo.com.mx\/index.php?rest_route=%2Fwp%2Fv2%2Fmedia&parent=29046"}],"wp:term":[{"taxonomy":"category","embeddable":true,"href":"https:\/\/encuentroinformativo.com.mx\/index.php?rest_route=%2Fwp%2Fv2%2Fcategories&post=29046"},{"taxonomy":"post_tag","embeddable":true,"href":"https:\/\/encuentroinformativo.com.mx\/index.php?rest_route=%2Fwp%2Fv2%2Ftags&post=29046"}],"curies":[{"name":"wp","href":"https:\/\/api.w.org\/{rel}","templated":true}]}}