{"id":29063,"date":"2022-07-05T12:38:10","date_gmt":"2022-07-05T17:38:10","guid":{"rendered":"https:\/\/encuentroinformativo.com.mx\/?p=29063"},"modified":"2022-07-05T12:38:14","modified_gmt":"2022-07-05T17:38:14","slug":"mas-de-cien-mil-afectados-por-apagones-en-veracruz-reconoce-cfe","status":"publish","type":"post","link":"https:\/\/encuentroinformativo.com.mx\/?p=29063","title":{"rendered":"M\u00e1s de cien mil afectados por apagones en Veracruz, reconoce CFE"},"content":{"rendered":"\n<p><strong>Alejandro \u00c1vila<\/strong><\/p>\n\n\n\n<p>Veracruz, Ver.- La Comisi\u00f3n Federal de Electricidad (CFE) reconoci\u00f3 que, 142 mil usuarios se vieron afectados por la falla en dos l\u00edneas de energ\u00eda el\u00e9ctrica la madrugada de este martes.<\/p>\n\n\n\n<p>La CFE espec\u00edfico que, a las 5:23 de la ma\u00f1ana salieron de operaci\u00f3n dos l\u00edneas de alta tensi\u00f3n de 115 kV; afectando a usuarios en los municipios de Alvarado, Lerdo de Tejada, Catemaco y San Andr\u00e9s Tuxtla.<\/p>\n\n\n\n<p>La dependencia federal mencion\u00f3 que, pasadas las 11 de la ma\u00f1ana se restableci\u00f3 el servicio en su totalidad y, aclar\u00f3 que, la falla se debi\u00f3 a que la l\u00ednea de alta tensi\u00f3n se revent\u00f3, debido a la corrosi\u00f3n por la salinidad del ambiente.<\/p>\n\n\n\n<p>Est\u00e1 afectaci\u00f3n, se manifiesta en el comunicado, solo afect\u00f3 al 4.6 de los usuarios de la regi\u00f3n; de la misma manera, la CFE dijo que, el personal a su cargo continuar\u00e1 en el sitio realizando est\u00e1 y m\u00e1s reparaciones, a fin de que no vuelva a suceder una situaci\u00f3n igual.<\/p>\n\n\n\n<p>Finalmente, ante cualquier situaci\u00f3n, se dejaron abierta las l\u00edneas de comunicaci\u00f3n, v\u00eda telef\u00f3nica al 071, y en la red social Twitter, @CFE_Contigo.<\/p>\n","protected":false},"excerpt":{"rendered":"<p>Alejandro \u00c1vila Veracruz, Ver.- La Comisi\u00f3n Federal de Electricidad (CFE) reconoci\u00f3 que, 142 mil usuarios se vieron afectados por la falla en dos l\u00edneas de energ\u00eda el\u00e9ctrica la madrugada de este martes. La CFE espec\u00edfico que, a las 5:23 de la ma\u00f1ana salieron de operaci\u00f3n dos l\u00edneas de alta tensi\u00f3n de 115 kV; afectando a [&hellip;]<\/p>\n","protected":false},"author":1,"featured_media":29065,"comment_status":"open","ping_status":"open","sticky":false,"template":"","format":"standard","meta":{"_jetpack_memberships_contains_paid_content":false,"footnotes":""},"categories":[2],"tags":[],"class_list":["post-29063","post","type-post","status-publish","format-standard","has-post-thumbnail","hentry","category-estado"],"jetpack_featured_media_url":"https:\/\/encuentroinformativo.com.mx\/wp-content\/uploads\/2022\/07\/AD8BCB40-30EA-40BB-B4D9-5805ABE67B33.jpeg","jetpack_sharing_enabled":true,"jetpack_likes_enabled":true,"amp_enabled":true,"_links":{"self":[{"href":"https:\/\/encuentroinformativo.com.mx\/index.php?rest_route=\/wp\/v2\/posts\/29063","targetHints":{"allow":["GET"]}}],"collection":[{"href":"https:\/\/encuentroinformativo.com.mx\/index.php?rest_route=\/wp\/v2\/posts"}],"about":[{"href":"https:\/\/encuentroinformativo.com.mx\/index.php?rest_route=\/wp\/v2\/types\/post"}],"author":[{"embeddable":true,"href":"https:\/\/encuentroinformativo.com.mx\/index.php?rest_route=\/wp\/v2\/users\/1"}],"replies":[{"embeddable":true,"href":"https:\/\/encuentroinformativo.com.mx\/index.php?rest_route=%2Fwp%2Fv2%2Fcomments&post=29063"}],"version-history":[{"count":1,"href":"https:\/\/encuentroinformativo.com.mx\/index.php?rest_route=\/wp\/v2\/posts\/29063\/revisions"}],"predecessor-version":[{"id":29066,"href":"https:\/\/encuentroinformativo.com.mx\/index.php?rest_route=\/wp\/v2\/posts\/29063\/revisions\/29066"}],"wp:featuredmedia":[{"embeddable":true,"href":"https:\/\/encuentroinformativo.com.mx\/index.php?rest_route=\/wp\/v2\/media\/29065"}],"wp:attachment":[{"href":"https:\/\/encuentroinformativo.com.mx\/index.php?rest_route=%2Fwp%2Fv2%2Fmedia&parent=29063"}],"wp:term":[{"taxonomy":"category","embeddable":true,"href":"https:\/\/encuentroinformativo.com.mx\/index.php?rest_route=%2Fwp%2Fv2%2Fcategories&post=29063"},{"taxonomy":"post_tag","embeddable":true,"href":"https:\/\/encuentroinformativo.com.mx\/index.php?rest_route=%2Fwp%2Fv2%2Ftags&post=29063"}],"curies":[{"name":"wp","href":"https:\/\/api.w.org\/{rel}","templated":true}]}}