{"id":29070,"date":"2022-07-05T14:19:48","date_gmt":"2022-07-05T19:19:48","guid":{"rendered":"https:\/\/encuentroinformativo.com.mx\/?p=29070"},"modified":"2022-07-05T14:19:51","modified_gmt":"2022-07-05T19:19:51","slug":"ante-acusaciones-respondere-por-la-via-legal-manuel-huerta","status":"publish","type":"post","link":"https:\/\/encuentroinformativo.com.mx\/?p=29070","title":{"rendered":"Ante acusaciones; responder\u00e9 por la v\u00eda legal: Manuel Huerta"},"content":{"rendered":"\n<p><strong>Dar\u00edo Pale <\/strong><\/p>\n\n\n\n<p>Xalapa, Ver.- El delegado federal de los programas federales Manuel Huerta Ladr\u00f3n de Guevara dio a conocer que tras las acusaciones en su contra por el delito de violaci\u00f3n, tanto en el caso de la presunta v\u00edctima de nombre &#8220;Martha 254&#8221;, como de las personas que supuestamente agredi\u00f3 en el municipio de Las Choapas, responder\u00e1 conforme a derecho.<\/p>\n\n\n\n<p>En entrevista en el marco del pago de las pensiones para adultos mayores se\u00f1al\u00f3 que responder\u00e1 conforme a derecho y acusa que esto tiene tintes pol\u00edticos del <em>yunismo<\/em>.<\/p>\n\n\n\n<p>Reiter\u00f3 que se trata de infamias y que se ha usado pol\u00edticamente porque consideran que su trabajo les puede perjudicar.<\/p>\n\n\n\n<p>Refiri\u00f3 que el origen pol\u00edtico de este asunto tiene que ver con el exgobernador Miguel \u00c1ngel Yunes Linares, ya que el abogado de la presunta v\u00edctima, Roberto Rodr\u00edguez Cruz, fue parte del equipo del exmandatario.<\/p>\n\n\n\n<p>Manuel Huerta defini\u00f3 que no litigar\u00e1 en medios, sino en los juzgados porque se ha afectado a su persona, a su familia.<\/p>\n\n\n\n<p>Sostuvo que al final la verdad tendr\u00e1 que aflorar, la verdad siempre aparece y la justicia llega porque se le ha calumniado y se han hecho campa\u00f1as de odio en su contra.<\/p>\n\n\n\n<p>En relaci\u00f3n a las otras supuestas v\u00edctimas del municipio de Las Choapas, record\u00f3 que ya lo hab\u00edan dicho y en ese sentido, recalc\u00f3 que son infamias y no son reales, por lo que se defender\u00e1 en los juzgados.<\/p>\n\n\n\n<p>\u201cNo me van a distraer, sigo trabajando, ellos est\u00e1n acostumbrados a querer tiznar con la calumnia, a manchar, nosotros estamos hechos de otra cosa&#8221;, coment\u00f3.<\/p>\n\n\n\n<p>Finalmente dijo que, &#8220;yo creo que ustedes tienen que investigar. S\u00e9 el origen del abogado, d\u00f3nde trabajaba antes, claro que la transformaci\u00f3n provoca muchos afectados y privilegios que se pierden. El amparo es un derecho, vamos a defendernos de eso y de lo que venga&#8221;.<\/p>\n","protected":false},"excerpt":{"rendered":"<p>Dar\u00edo Pale Xalapa, Ver.- El delegado federal de los programas federales Manuel Huerta Ladr\u00f3n de Guevara dio a conocer que tras las acusaciones en su contra por el delito de violaci\u00f3n, tanto en el caso de la presunta v\u00edctima de nombre &#8220;Martha 254&#8221;, como de las personas que supuestamente agredi\u00f3 en el municipio de Las [&hellip;]<\/p>\n","protected":false},"author":1,"featured_media":29071,"comment_status":"open","ping_status":"open","sticky":false,"template":"","format":"standard","meta":{"_jetpack_memberships_contains_paid_content":false,"footnotes":""},"categories":[2],"tags":[],"class_list":["post-29070","post","type-post","status-publish","format-standard","has-post-thumbnail","hentry","category-estado"],"jetpack_featured_media_url":"https:\/\/encuentroinformativo.com.mx\/wp-content\/uploads\/2022\/07\/FBA85A27-6556-40F9-B77A-39344835C820.jpeg","jetpack_sharing_enabled":true,"jetpack_likes_enabled":true,"amp_enabled":true,"_links":{"self":[{"href":"https:\/\/encuentroinformativo.com.mx\/index.php?rest_route=\/wp\/v2\/posts\/29070","targetHints":{"allow":["GET"]}}],"collection":[{"href":"https:\/\/encuentroinformativo.com.mx\/index.php?rest_route=\/wp\/v2\/posts"}],"about":[{"href":"https:\/\/encuentroinformativo.com.mx\/index.php?rest_route=\/wp\/v2\/types\/post"}],"author":[{"embeddable":true,"href":"https:\/\/encuentroinformativo.com.mx\/index.php?rest_route=\/wp\/v2\/users\/1"}],"replies":[{"embeddable":true,"href":"https:\/\/encuentroinformativo.com.mx\/index.php?rest_route=%2Fwp%2Fv2%2Fcomments&post=29070"}],"version-history":[{"count":1,"href":"https:\/\/encuentroinformativo.com.mx\/index.php?rest_route=\/wp\/v2\/posts\/29070\/revisions"}],"predecessor-version":[{"id":29072,"href":"https:\/\/encuentroinformativo.com.mx\/index.php?rest_route=\/wp\/v2\/posts\/29070\/revisions\/29072"}],"wp:featuredmedia":[{"embeddable":true,"href":"https:\/\/encuentroinformativo.com.mx\/index.php?rest_route=\/wp\/v2\/media\/29071"}],"wp:attachment":[{"href":"https:\/\/encuentroinformativo.com.mx\/index.php?rest_route=%2Fwp%2Fv2%2Fmedia&parent=29070"}],"wp:term":[{"taxonomy":"category","embeddable":true,"href":"https:\/\/encuentroinformativo.com.mx\/index.php?rest_route=%2Fwp%2Fv2%2Fcategories&post=29070"},{"taxonomy":"post_tag","embeddable":true,"href":"https:\/\/encuentroinformativo.com.mx\/index.php?rest_route=%2Fwp%2Fv2%2Ftags&post=29070"}],"curies":[{"name":"wp","href":"https:\/\/api.w.org\/{rel}","templated":true}]}}