{"id":29073,"date":"2022-07-05T15:03:53","date_gmt":"2022-07-05T20:03:53","guid":{"rendered":"https:\/\/encuentroinformativo.com.mx\/?p=29073"},"modified":"2022-07-05T15:03:55","modified_gmt":"2022-07-05T20:03:55","slug":"colectivo-maria-herrera-realiza-busqueda-en-zona-del-totonacapan","status":"publish","type":"post","link":"https:\/\/encuentroinformativo.com.mx\/?p=29073","title":{"rendered":"Colectivo \u201cMar\u00eda Herrera\u201d realiza b\u00fasqueda en zona del Totonacapan"},"content":{"rendered":"\n<p><strong>Juan Arcos <\/strong><\/p>\n\n\n\n<p>Xalapa, Ver.- Integrantes del colectivo &#8220;Mar\u00eda Herrera\u201d de Poza Rica realizan una jornada de b\u00fasqueda en municipios de la sierra del Totonacapan, en la zona norte del estado de Veracruz.<\/p>\n\n\n\n<p>Los familiares de desaparecidos protestaron en la explanada del Palacio Municipal de Filomeno Mata, donde aseguraron que contin\u00faan increment\u00e1ndose estos casos.<\/p>\n\n\n\n<p>Maricel Torres, una de los miembros del colectivo, se\u00f1al\u00f3 que en la zona norte del estado son constantes las desapariciones de personas.<\/p>\n\n\n\n<p>\u201cEs una lucha constante que las familias vivimos en esta situaci\u00f3n, la desaparici\u00f3n de un ser querido. No se imaginan lo que es tener un hijo desaparecido\u201d, expres\u00f3.<\/p>\n\n\n\n<p>En ese sentido, coment\u00f3 que ha crecido el n\u00famero de integrantes del colectivo mencionado tras dicha problem\u00e1tica que no ha sido erradicada en el estado ni el pa\u00eds.<\/p>\n\n\n\n<p>&#8220;Somos un colectivo muy grande en la zona norte del estado y albergamos a m\u00e1s de 200 personas que viven lo mismo que nosotros\u201d, refirieron.<\/p>\n\n\n\n<p>Algunas mam\u00e1s detallaron que sus vidas han cambiado rotundamente tras la desaparici\u00f3n de sus seres queridos.<\/p>\n\n\n\n<p>Incluso, han abandonado sus actividades dom\u00e9sticas para usar el pico, pala o varillas y buscar restos humanos en fosas clandestinas.<\/p>\n\n\n\n<p>\u201cQue alguien se acerque y nos diga d\u00f3nde pudieran estar enterradas las personas, eso es lo que nosotros queremos para ir y desenterrar, para encontrar a nuestros familiares, los queremos de la forma que sea\u201d, enfatizaron.<\/p>\n\n\n\n<p>La jornada de b\u00fasqueda continuar\u00e1 durante los siguientes d\u00edas en la zona norte de Veracruz, con el acompa\u00f1amiento de personal de la Comisi\u00f3n Estatal de B\u00fasqueda.<\/p>\n\n\n\n<figure class=\"wp-block-image size-large\"><img loading=\"lazy\" decoding=\"async\" width=\"1024\" height=\"768\" src=\"https:\/\/encuentroinformativo.com.mx\/wp-content\/uploads\/2022\/07\/CB275A0C-7D79-46C9-8774-C2BEF924E002-1024x768.jpeg\" alt=\"\" class=\"wp-image-29075\" srcset=\"https:\/\/encuentroinformativo.com.mx\/wp-content\/uploads\/2022\/07\/CB275A0C-7D79-46C9-8774-C2BEF924E002-1024x768.jpeg 1024w, https:\/\/encuentroinformativo.com.mx\/wp-content\/uploads\/2022\/07\/CB275A0C-7D79-46C9-8774-C2BEF924E002-300x225.jpeg 300w, https:\/\/encuentroinformativo.com.mx\/wp-content\/uploads\/2022\/07\/CB275A0C-7D79-46C9-8774-C2BEF924E002-768x576.jpeg 768w, https:\/\/encuentroinformativo.com.mx\/wp-content\/uploads\/2022\/07\/CB275A0C-7D79-46C9-8774-C2BEF924E002.jpeg 1199w\" sizes=\"auto, (max-width: 1024px) 100vw, 1024px\" \/><\/figure>\n","protected":false},"excerpt":{"rendered":"<p>Juan Arcos Xalapa, Ver.- Integrantes del colectivo &#8220;Mar\u00eda Herrera\u201d de Poza Rica realizan una jornada de b\u00fasqueda en municipios de la sierra del Totonacapan, en la zona norte del estado de Veracruz. Los familiares de desaparecidos protestaron en la explanada del Palacio Municipal de Filomeno Mata, donde aseguraron que contin\u00faan increment\u00e1ndose estos casos. Maricel Torres, [&hellip;]<\/p>\n","protected":false},"author":1,"featured_media":29074,"comment_status":"open","ping_status":"open","sticky":false,"template":"","format":"standard","meta":{"_jetpack_memberships_contains_paid_content":false,"footnotes":""},"categories":[2],"tags":[],"class_list":["post-29073","post","type-post","status-publish","format-standard","has-post-thumbnail","hentry","category-estado"],"jetpack_featured_media_url":"https:\/\/encuentroinformativo.com.mx\/wp-content\/uploads\/2022\/07\/10856412-9B72-4803-827A-FA1299792775.jpeg","jetpack_sharing_enabled":true,"jetpack_likes_enabled":true,"amp_enabled":true,"_links":{"self":[{"href":"https:\/\/encuentroinformativo.com.mx\/index.php?rest_route=\/wp\/v2\/posts\/29073","targetHints":{"allow":["GET"]}}],"collection":[{"href":"https:\/\/encuentroinformativo.com.mx\/index.php?rest_route=\/wp\/v2\/posts"}],"about":[{"href":"https:\/\/encuentroinformativo.com.mx\/index.php?rest_route=\/wp\/v2\/types\/post"}],"author":[{"embeddable":true,"href":"https:\/\/encuentroinformativo.com.mx\/index.php?rest_route=\/wp\/v2\/users\/1"}],"replies":[{"embeddable":true,"href":"https:\/\/encuentroinformativo.com.mx\/index.php?rest_route=%2Fwp%2Fv2%2Fcomments&post=29073"}],"version-history":[{"count":1,"href":"https:\/\/encuentroinformativo.com.mx\/index.php?rest_route=\/wp\/v2\/posts\/29073\/revisions"}],"predecessor-version":[{"id":29076,"href":"https:\/\/encuentroinformativo.com.mx\/index.php?rest_route=\/wp\/v2\/posts\/29073\/revisions\/29076"}],"wp:featuredmedia":[{"embeddable":true,"href":"https:\/\/encuentroinformativo.com.mx\/index.php?rest_route=\/wp\/v2\/media\/29074"}],"wp:attachment":[{"href":"https:\/\/encuentroinformativo.com.mx\/index.php?rest_route=%2Fwp%2Fv2%2Fmedia&parent=29073"}],"wp:term":[{"taxonomy":"category","embeddable":true,"href":"https:\/\/encuentroinformativo.com.mx\/index.php?rest_route=%2Fwp%2Fv2%2Fcategories&post=29073"},{"taxonomy":"post_tag","embeddable":true,"href":"https:\/\/encuentroinformativo.com.mx\/index.php?rest_route=%2Fwp%2Fv2%2Ftags&post=29073"}],"curies":[{"name":"wp","href":"https:\/\/api.w.org\/{rel}","templated":true}]}}