{"id":29077,"date":"2022-07-05T16:08:47","date_gmt":"2022-07-05T21:08:47","guid":{"rendered":"https:\/\/encuentroinformativo.com.mx\/?p=29077"},"modified":"2022-07-05T16:08:50","modified_gmt":"2022-07-05T21:08:50","slug":"tendra-poza-rica-patrulla-morada","status":"publish","type":"post","link":"https:\/\/encuentroinformativo.com.mx\/?p=29077","title":{"rendered":"Tendr\u00e1 Poza Rica patrulla morada"},"content":{"rendered":"\n<p>Alejandro \u00c1vila<\/p>\n\n\n\n<p>Poza Rica, Ver.- Poza Rica es uno de los 11 municipios de la entidad veracruzana que cuenta con Alerta de Violencia de G\u00e9nero (2), durante el 2021 estuvo apunto de obtener su tercera.<\/p>\n\n\n\n<p>Esta semana el alcalde, Fernando Remes Garza, en compa\u00f1\u00eda de la regidora con la comisi\u00f3n de Polic\u00eda y Prevenci\u00f3n del Delito, Marisol Hern\u00e1ndez Moreno, hicieron entrega de la primera patrulla morada, la cual dar\u00e1 atenci\u00f3n en seguridad con perspectiva de g\u00e9nero.<\/p>\n\n\n\n<p>En 2021 el municipio de Poza Rica estuvo apunto de obtener su tercera Alerta de Violencia de G\u00e9nero (AVG), debido a los altos \u00edndices de maltratos hacia las mujeres.<\/p>\n\n\n\n<p>De las 937 desapariciones, v\u00edctimas de violencia o feminicidio, de enero a octubre del 2021, 44 se registraron en Poza Rica.<\/p>\n\n\n\n<p>Es por ello que, el alcalde Fernando Remes Garza inform\u00f3 que, la patrulla contar\u00e1 con tres elementos policiacos; dos mujeres y un hombre, quienes se encargar\u00e1n de atender denuncias y caso que deban ser atendidos con una perspectiva de g\u00e9nero, a fin de cuidar de la integridad f\u00edsica, mental y emocional de las ciudadanas.<\/p>\n","protected":false},"excerpt":{"rendered":"<p>Alejandro \u00c1vila Poza Rica, Ver.- Poza Rica es uno de los 11 municipios de la entidad veracruzana que cuenta con Alerta de Violencia de G\u00e9nero (2), durante el 2021 estuvo apunto de obtener su tercera. Esta semana el alcalde, Fernando Remes Garza, en compa\u00f1\u00eda de la regidora con la comisi\u00f3n de Polic\u00eda y Prevenci\u00f3n del [&hellip;]<\/p>\n","protected":false},"author":1,"featured_media":29078,"comment_status":"open","ping_status":"open","sticky":false,"template":"","format":"standard","meta":{"_jetpack_memberships_contains_paid_content":false,"footnotes":""},"categories":[2],"tags":[],"class_list":["post-29077","post","type-post","status-publish","format-standard","has-post-thumbnail","hentry","category-estado"],"jetpack_featured_media_url":"https:\/\/encuentroinformativo.com.mx\/wp-content\/uploads\/2022\/07\/6FC987C8-C405-4EA6-9C82-5FD2FCB5DCF2.jpeg","jetpack_sharing_enabled":true,"jetpack_likes_enabled":true,"amp_enabled":true,"_links":{"self":[{"href":"https:\/\/encuentroinformativo.com.mx\/index.php?rest_route=\/wp\/v2\/posts\/29077","targetHints":{"allow":["GET"]}}],"collection":[{"href":"https:\/\/encuentroinformativo.com.mx\/index.php?rest_route=\/wp\/v2\/posts"}],"about":[{"href":"https:\/\/encuentroinformativo.com.mx\/index.php?rest_route=\/wp\/v2\/types\/post"}],"author":[{"embeddable":true,"href":"https:\/\/encuentroinformativo.com.mx\/index.php?rest_route=\/wp\/v2\/users\/1"}],"replies":[{"embeddable":true,"href":"https:\/\/encuentroinformativo.com.mx\/index.php?rest_route=%2Fwp%2Fv2%2Fcomments&post=29077"}],"version-history":[{"count":1,"href":"https:\/\/encuentroinformativo.com.mx\/index.php?rest_route=\/wp\/v2\/posts\/29077\/revisions"}],"predecessor-version":[{"id":29079,"href":"https:\/\/encuentroinformativo.com.mx\/index.php?rest_route=\/wp\/v2\/posts\/29077\/revisions\/29079"}],"wp:featuredmedia":[{"embeddable":true,"href":"https:\/\/encuentroinformativo.com.mx\/index.php?rest_route=\/wp\/v2\/media\/29078"}],"wp:attachment":[{"href":"https:\/\/encuentroinformativo.com.mx\/index.php?rest_route=%2Fwp%2Fv2%2Fmedia&parent=29077"}],"wp:term":[{"taxonomy":"category","embeddable":true,"href":"https:\/\/encuentroinformativo.com.mx\/index.php?rest_route=%2Fwp%2Fv2%2Fcategories&post=29077"},{"taxonomy":"post_tag","embeddable":true,"href":"https:\/\/encuentroinformativo.com.mx\/index.php?rest_route=%2Fwp%2Fv2%2Ftags&post=29077"}],"curies":[{"name":"wp","href":"https:\/\/api.w.org\/{rel}","templated":true}]}}