{"id":29080,"date":"2022-07-05T19:40:46","date_gmt":"2022-07-06T00:40:46","guid":{"rendered":"https:\/\/encuentroinformativo.com.mx\/?p=29080"},"modified":"2022-07-05T19:40:50","modified_gmt":"2022-07-06T00:40:50","slug":"disminuye-en-veracruz-tala-clandestina-segun-sedema","status":"publish","type":"post","link":"https:\/\/encuentroinformativo.com.mx\/?p=29080","title":{"rendered":"Disminuye en Veracruz tala clandestina, seg\u00fan SEDEMA"},"content":{"rendered":"\n<p><strong>Dar\u00edo Pale <\/strong><\/p>\n\n\n\n<p>Xalapa, Ver.- El titular de la Secretar\u00eda del Medio Ambiente (SEDEMA), Juan Carlos Contreras Bautista dio a conocer que la tala clandestina en Veracruz se ha ido disminuyendo gradualmente, gracias a los operativos.<\/p>\n\n\n\n<p>En entrevista se\u00f1al\u00f3 que gracias a los operativos que realiza la Procuradur\u00eda Federal de Protecci\u00f3n al Ambiente (Profepa) con el apoyo de la Secretar\u00eda de Seguridad P\u00fablica (SSP), se ha logrado inhibir la tala.<br><br>Gracias a los operativos conjuntos, dijo, que han logrado detener a varias personas que se dedican a esta actividad il\u00edcita.<\/p>\n\n\n\n<p>Dio a concomer que hay dos lugares que han padecido por los talamontes como lo son el Parque Nacional Cofre de Perote y el Pico de Orizaba; estos puntos eran focos rojos por ser colindancia con el estado de Puebla y en ocasiones estos se &#8220;escond\u00edan&#8221; en esos lugares.<\/p>\n\n\n\n<p>Finalmente Contreras Bautista inform\u00f3 que tambi\u00e9n se han hecho clausuras en aserraderos de Las Vigas, Perote, Villa Aldama y Acajete, que no contaban con los permisos para el aprovechamiento de la madera, mismos que \u00fanicamente otorga la Secretar\u00eda de Medio Ambiente y Recursos Naturales (Semarnat).<\/p>\n","protected":false},"excerpt":{"rendered":"<p>Dar\u00edo Pale Xalapa, Ver.- El titular de la Secretar\u00eda del Medio Ambiente (SEDEMA), Juan Carlos Contreras Bautista dio a conocer que la tala clandestina en Veracruz se ha ido disminuyendo gradualmente, gracias a los operativos. En entrevista se\u00f1al\u00f3 que gracias a los operativos que realiza la Procuradur\u00eda Federal de Protecci\u00f3n al Ambiente (Profepa) con el [&hellip;]<\/p>\n","protected":false},"author":1,"featured_media":29081,"comment_status":"open","ping_status":"open","sticky":false,"template":"","format":"standard","meta":{"_jetpack_memberships_contains_paid_content":false,"footnotes":""},"categories":[2],"tags":[],"class_list":["post-29080","post","type-post","status-publish","format-standard","has-post-thumbnail","hentry","category-estado"],"jetpack_featured_media_url":"https:\/\/encuentroinformativo.com.mx\/wp-content\/uploads\/2022\/07\/DEA8C7B2-2D74-475E-B65E-E87E924F1ABD.jpeg","jetpack_sharing_enabled":true,"jetpack_likes_enabled":true,"amp_enabled":true,"_links":{"self":[{"href":"https:\/\/encuentroinformativo.com.mx\/index.php?rest_route=\/wp\/v2\/posts\/29080","targetHints":{"allow":["GET"]}}],"collection":[{"href":"https:\/\/encuentroinformativo.com.mx\/index.php?rest_route=\/wp\/v2\/posts"}],"about":[{"href":"https:\/\/encuentroinformativo.com.mx\/index.php?rest_route=\/wp\/v2\/types\/post"}],"author":[{"embeddable":true,"href":"https:\/\/encuentroinformativo.com.mx\/index.php?rest_route=\/wp\/v2\/users\/1"}],"replies":[{"embeddable":true,"href":"https:\/\/encuentroinformativo.com.mx\/index.php?rest_route=%2Fwp%2Fv2%2Fcomments&post=29080"}],"version-history":[{"count":1,"href":"https:\/\/encuentroinformativo.com.mx\/index.php?rest_route=\/wp\/v2\/posts\/29080\/revisions"}],"predecessor-version":[{"id":29082,"href":"https:\/\/encuentroinformativo.com.mx\/index.php?rest_route=\/wp\/v2\/posts\/29080\/revisions\/29082"}],"wp:featuredmedia":[{"embeddable":true,"href":"https:\/\/encuentroinformativo.com.mx\/index.php?rest_route=\/wp\/v2\/media\/29081"}],"wp:attachment":[{"href":"https:\/\/encuentroinformativo.com.mx\/index.php?rest_route=%2Fwp%2Fv2%2Fmedia&parent=29080"}],"wp:term":[{"taxonomy":"category","embeddable":true,"href":"https:\/\/encuentroinformativo.com.mx\/index.php?rest_route=%2Fwp%2Fv2%2Fcategories&post=29080"},{"taxonomy":"post_tag","embeddable":true,"href":"https:\/\/encuentroinformativo.com.mx\/index.php?rest_route=%2Fwp%2Fv2%2Ftags&post=29080"}],"curies":[{"name":"wp","href":"https:\/\/api.w.org\/{rel}","templated":true}]}}