{"id":29085,"date":"2022-07-06T10:05:03","date_gmt":"2022-07-06T15:05:03","guid":{"rendered":"https:\/\/encuentroinformativo.com.mx\/?p=29085"},"modified":"2022-07-06T10:05:05","modified_gmt":"2022-07-06T15:05:05","slug":"aparece-persona-fallecida-en-villa-del-mar","status":"publish","type":"post","link":"https:\/\/encuentroinformativo.com.mx\/?p=29085","title":{"rendered":"Aparece persona fallecida en Villa del Mar"},"content":{"rendered":"\n<p><strong>Alejandro \u00c1vila<\/strong><\/p>\n\n\n\n<p><strong>Fotos: <\/strong>Franco Cardel\/Cortes\u00eda <\/p>\n\n\n\n<p>Veracruz, Ver.- Una persona de aproximadamente 40 a\u00f1os de edad apareci\u00f3 muerta en la zona de Villa del Mar en el puerto de Veracruz.<\/p>\n\n\n\n<p>El reporte fue hecho la ma\u00f1ana de este mi\u00e9rcoles, cuando se notific\u00f3 que un sujeto hab\u00eda aparecido muerto frente a la palapa Buchaca en la zona de Villa del Mar, d\u00f3nde a\u00fan se encuentran instaladas las gradas de Carnaval.<\/p>\n\n\n\n<p>El sujeto fallecido aparentemente es oriundo del estado de Puebla, y vest\u00eda zapatos negros, pantal\u00f3n de vestir azul y camisa azul cielo, con una edad aproximada de 40 a\u00f1os.<\/p>\n\n\n\n<p>Hasta el momento se desconocen los generales del hoy occiso y el motivo de su muerte, aunque se presume podr\u00eda tratarse de un asalto con violencia, pues el sujeto presentaba golpes en todo su cuerpo.<\/p>\n\n\n\n<p>Al lugar acudieron elementos de la Polic\u00eda Estatal tras el reporte al 911, qui\u00e9nes acordonaron el \u00e1rea y dieron aviso a los Peritos de la Polic\u00eda Ministerial, los cuales recabaron informaci\u00f3n necesaria para posteriormente llevar el cuerpo al Servicio M\u00e9dico Forense (SEMEFO) de Boca del R\u00edo.<\/p>\n\n\n\n<figure class=\"wp-block-image size-large\"><img loading=\"lazy\" decoding=\"async\" width=\"1024\" height=\"576\" src=\"https:\/\/encuentroinformativo.com.mx\/wp-content\/uploads\/2022\/07\/C117B413-854D-4188-A332-CBC2A7553BFA-1024x576.jpeg\" alt=\"\" class=\"wp-image-29087\" srcset=\"https:\/\/encuentroinformativo.com.mx\/wp-content\/uploads\/2022\/07\/C117B413-854D-4188-A332-CBC2A7553BFA-1024x576.jpeg 1024w, https:\/\/encuentroinformativo.com.mx\/wp-content\/uploads\/2022\/07\/C117B413-854D-4188-A332-CBC2A7553BFA-300x169.jpeg 300w, https:\/\/encuentroinformativo.com.mx\/wp-content\/uploads\/2022\/07\/C117B413-854D-4188-A332-CBC2A7553BFA-768x432.jpeg 768w, https:\/\/encuentroinformativo.com.mx\/wp-content\/uploads\/2022\/07\/C117B413-854D-4188-A332-CBC2A7553BFA-1536x864.jpeg 1536w, https:\/\/encuentroinformativo.com.mx\/wp-content\/uploads\/2022\/07\/C117B413-854D-4188-A332-CBC2A7553BFA.jpeg 1599w\" sizes=\"auto, (max-width: 1024px) 100vw, 1024px\" \/><\/figure>\n","protected":false},"excerpt":{"rendered":"<p>Alejandro \u00c1vila Fotos: Franco Cardel\/Cortes\u00eda Veracruz, Ver.- Una persona de aproximadamente 40 a\u00f1os de edad apareci\u00f3 muerta en la zona de Villa del Mar en el puerto de Veracruz. El reporte fue hecho la ma\u00f1ana de este mi\u00e9rcoles, cuando se notific\u00f3 que un sujeto hab\u00eda aparecido muerto frente a la palapa Buchaca en la zona [&hellip;]<\/p>\n","protected":false},"author":1,"featured_media":29086,"comment_status":"open","ping_status":"open","sticky":false,"template":"","format":"standard","meta":{"_jetpack_memberships_contains_paid_content":false,"footnotes":""},"categories":[14],"tags":[],"class_list":["post-29085","post","type-post","status-publish","format-standard","has-post-thumbnail","hentry","category-policiaca"],"jetpack_featured_media_url":"https:\/\/encuentroinformativo.com.mx\/wp-content\/uploads\/2022\/07\/EB481425-816B-4CCB-9348-900822C201B0.jpeg","jetpack_sharing_enabled":true,"jetpack_likes_enabled":true,"amp_enabled":true,"_links":{"self":[{"href":"https:\/\/encuentroinformativo.com.mx\/index.php?rest_route=\/wp\/v2\/posts\/29085","targetHints":{"allow":["GET"]}}],"collection":[{"href":"https:\/\/encuentroinformativo.com.mx\/index.php?rest_route=\/wp\/v2\/posts"}],"about":[{"href":"https:\/\/encuentroinformativo.com.mx\/index.php?rest_route=\/wp\/v2\/types\/post"}],"author":[{"embeddable":true,"href":"https:\/\/encuentroinformativo.com.mx\/index.php?rest_route=\/wp\/v2\/users\/1"}],"replies":[{"embeddable":true,"href":"https:\/\/encuentroinformativo.com.mx\/index.php?rest_route=%2Fwp%2Fv2%2Fcomments&post=29085"}],"version-history":[{"count":1,"href":"https:\/\/encuentroinformativo.com.mx\/index.php?rest_route=\/wp\/v2\/posts\/29085\/revisions"}],"predecessor-version":[{"id":29088,"href":"https:\/\/encuentroinformativo.com.mx\/index.php?rest_route=\/wp\/v2\/posts\/29085\/revisions\/29088"}],"wp:featuredmedia":[{"embeddable":true,"href":"https:\/\/encuentroinformativo.com.mx\/index.php?rest_route=\/wp\/v2\/media\/29086"}],"wp:attachment":[{"href":"https:\/\/encuentroinformativo.com.mx\/index.php?rest_route=%2Fwp%2Fv2%2Fmedia&parent=29085"}],"wp:term":[{"taxonomy":"category","embeddable":true,"href":"https:\/\/encuentroinformativo.com.mx\/index.php?rest_route=%2Fwp%2Fv2%2Fcategories&post=29085"},{"taxonomy":"post_tag","embeddable":true,"href":"https:\/\/encuentroinformativo.com.mx\/index.php?rest_route=%2Fwp%2Fv2%2Ftags&post=29085"}],"curies":[{"name":"wp","href":"https:\/\/api.w.org\/{rel}","templated":true}]}}