{"id":29089,"date":"2022-07-06T09:06:51","date_gmt":"2022-07-06T14:06:51","guid":{"rendered":"https:\/\/encuentroinformativo.com.mx\/?p=29089"},"modified":"2022-07-06T10:09:08","modified_gmt":"2022-07-06T15:09:08","slug":"el-carnaval-de-cheko-caron-fer-y-nahle","status":"publish","type":"post","link":"https:\/\/encuentroinformativo.com.mx\/?p=29089","title":{"rendered":"El carnaval de Cheko, Car\u00f3n, Fer y Nahle"},"content":{"rendered":"\n<p><strong>Los Pol\u00edticos<\/strong>\u00a0<\/p>\n\n\n\n<p><strong>Salvador Mu\u00f1oz<\/strong><\/p>\n\n\n\n<p>Cada quien habla de la feria, o mejor dicho: del Carnaval, como le fue en \u00e9l.<\/p>\n\n\n\n<p>Yo no fui, por un gusto delicioso a evitar el bullicio, pero creo que nunca o\u00ed o le\u00ed en cr\u00f3nicas o rese\u00f1as de alguna de esas fiestas m\u00e1s alegres del mundo, la convivencia entre panistas y pri\u00edstas para disfrutar de las carnestolendas entre comparsa y comparsa.<\/p>\n\n\n\n<p>Agregue un dato m\u00e1s: la presencia sin empacho de dos personajes del partido en el poder, disfrutando del Carnaval: Sergio Guti\u00e9rrez Luna y Juan Javier G\u00f3mez Cazar\u00edn, ambos representantes del Poder Legislativo federal y estatal, respectivamente, y ambos alojados en Veracruz en \u201cdepa\u201d con vista al 2024.<\/p>\n\n\n\n<p>El primero no le hace feo a la idea de buscar ser candidato a Gobernador para ese a\u00f1o\u2026 el segundo, se hace de la boca chiquita y dice que todo su apoyo ser\u00e1 para Nahle, por lo que solito se ubica entre los aspirantes al Senado.<\/p>\n\n\n\n<p>Pero mientras llega el 2024, es imposible dejar de notar la presencia de morena en esta fiesta&nbsp; donde era com\u00fan que si el Gobierno municipal era panista, imposible pensar en la presencia del Gobierno estatal pri\u00edsta\u2026 hoy, las cosas fueron distintas, cosas que la alternancia puede lograr: las tres fuerzas pol\u00edticas m\u00e1s conocidas del Estado, en una misma fiesta\u2026 pero bailando separados.<\/p>\n\n\n\n<p>Ahora, que si no les gust\u00f3 la Reina, los carros, la organizaci\u00f3n, las bubis de Luna Bella, volvemos al principio\u2026 \u00a1cada quien habla del Carnaval como le fue en \u00e9l!<\/p>\n\n\n\n<p><strong>Fer, el articulista<\/strong><\/p>\n\n\n\n<p>Hablando del Carnaval, al menos en fotograf\u00eda, en cr\u00f3nicas o en rese\u00f1as, no vimos al ex alcalde porte\u00f1o Fernando Yunes M\u00e1rquez en el huateque\u2026<\/p>\n\n\n\n<p>Quiz\u00e1s por la prudencia pol\u00edtica que obliga al que estuvo, no estar para darle todo el champ\u00fa a quien s\u00ed est\u00e1, en este caso, la cu\u00f1ada Paty.<\/p>\n\n\n\n<p>Quien s\u00ed se dej\u00f3 ver y mucho, fue Miguel \u00c1ngel Yunes M\u00e1rquez, tanto en el Festival de las Velas como en el carnaval y en ese recorrido que hizo al lado de la alcaldesa Paty en uno de los desfiles\u2026 pero Chiquinando no se apareci\u00f3\u2026<\/p>\n\n\n\n<p>Quiz\u00e1s tambi\u00e9n para darse tiempo de ver crecer al reto\u00f1o, algo que a veces el ejercicio de la pol\u00edtica, m\u00e1s demandante que mujer o cr\u00edo, hace muy complicada esa tarea\u2026<\/p>\n\n\n\n<p>Pues no apareci\u00f3 en el Carnaval pero qu\u00e9 tal en las p\u00e1ginas de El Universal OnLine disertando sobre <a href=\"https:\/\/www.eluniversal.com.mx\/estados\/rumbo-2024-la-mejor-alianza-es-con-la-sociedad-civil-0?fbclid=IwAR27NHe0BID6WWpt_2-0wPdbdbeG9eQBtijwUmht7BTs5S6TpeqzUi9GzGg\" target=\"_blank\" rel=\"noreferrer noopener\">la elecci\u00f3n en 2024<\/a>, donde invita a los pol\u00edticos o a quienes pudi\u00e9ramos llamar \u201cOposici\u00f3n\u201d, a sumarse a los esfuerzos de la sociedad civil en espera de ser una opci\u00f3n en esa elecci\u00f3n\u2026<\/p>\n\n\n\n<p>(He de ser sincero\u2026 creo que en mayo pasado igual se ech\u00f3 un art\u00edculo en ese mismo medio sobre <a href=\"https:\/\/www.eluniversal.com.mx\/estados\/veracruz-y-el-fuerte-de-san-juan-de-ulua-protagonistas-en-la-historia-de-mexico\" target=\"_blank\" rel=\"noreferrer noopener\">el Fuerte de San Juan de Ul\u00faa<\/a>\u2026 desconozco si tenga otros m\u00e1s)<\/p>\n\n\n\n<p>Como sea, tal parece que poquito a poco, asoma la mano Fernando; en su defecto, los panistas\u2026 o siendo m\u00e1s precisos: los Yunes, para dar batalla en el 2024\u2026<\/p>\n\n\n\n<p><strong>Nahle y el Dr. Strange<\/strong><\/p>\n\n\n\n<p>Qu\u00e9 hubiera ocurrido si Nahle se hubiera aparecido en el Carnaval de Veracruz\u2026<\/p>\n\n\n\n<p>Para los pol\u00edticos, ser\u00eda una gran oportunidad para la secretaria de Energ\u00eda de checar su popularidad y con la mera raza en uno de los municipios m\u00e1s emblem\u00e1ticos de nuestra entidad\u2026<\/p>\n\n\n\n<p>Para los morenos, hubieran sido tan atrevidos para subirla a un carro aleg\u00f3rico, quitar a Yeri Mua (\u00bfDije Yeri Mua?) \u00a1No! \u00a1Quitan a Luna Bella y ponen a Roc\u00edo en su lugar (sin tanta desinhibici\u00f3n, claro) para hacerla Reina del Carnaval como primer paso al 2024.<\/p>\n\n\n\n<p>Para la Oposici\u00f3n, hubiera sido un excelente term\u00f3metro para ver de qu\u00e9 tama\u00f1o realmente es la zacatecana\u2026<\/p>\n\n\n\n<p>Pero\u2026 siempre hay un \u201cPero\u201d en la sopa\u2026<\/p>\n\n\n\n<p>Para que todos estos escenarios \u201cstrangescos\u201d ocurrieran, tendr\u00edan que ocurrir dos eventos:<\/p>\n\n\n\n<p>1.- Que se hubiera hecho presente en el Carnaval\u2026<\/p>\n\n\n\n<p>2.- Y que al menos, la reconocieran los veracruzanos\u2026<\/p>\n\n\n\n<p><a href=\"mailto:smcainito@gmail.com\" target=\"_blank\" rel=\"noreferrer noopener\">smcainito@gmail.com<\/a><\/p>\n","protected":false},"excerpt":{"rendered":"<p>Los Pol\u00edticos\u00a0 Salvador Mu\u00f1oz Cada quien habla de la feria, o mejor dicho: del Carnaval, como le fue en \u00e9l. Yo no fui, por un gusto delicioso a evitar el bullicio, pero creo que nunca o\u00ed o le\u00ed en cr\u00f3nicas o rese\u00f1as de alguna de esas fiestas m\u00e1s alegres del mundo, la convivencia entre panistas [&hellip;]<\/p>\n","protected":false},"author":1,"featured_media":387,"comment_status":"open","ping_status":"open","sticky":false,"template":"","format":"standard","meta":{"_jetpack_memberships_contains_paid_content":false,"footnotes":""},"categories":[11],"tags":[],"class_list":["post-29089","post","type-post","status-publish","format-standard","has-post-thumbnail","hentry","category-opinion"],"jetpack_featured_media_url":"https:\/\/encuentroinformativo.com.mx\/wp-content\/uploads\/2020\/03\/7CF8A22B-2764-47BE-8F7F-38FE9E5D6A2F.jpeg","jetpack_sharing_enabled":true,"jetpack_likes_enabled":true,"amp_enabled":true,"_links":{"self":[{"href":"https:\/\/encuentroinformativo.com.mx\/index.php?rest_route=\/wp\/v2\/posts\/29089","targetHints":{"allow":["GET"]}}],"collection":[{"href":"https:\/\/encuentroinformativo.com.mx\/index.php?rest_route=\/wp\/v2\/posts"}],"about":[{"href":"https:\/\/encuentroinformativo.com.mx\/index.php?rest_route=\/wp\/v2\/types\/post"}],"author":[{"embeddable":true,"href":"https:\/\/encuentroinformativo.com.mx\/index.php?rest_route=\/wp\/v2\/users\/1"}],"replies":[{"embeddable":true,"href":"https:\/\/encuentroinformativo.com.mx\/index.php?rest_route=%2Fwp%2Fv2%2Fcomments&post=29089"}],"version-history":[{"count":1,"href":"https:\/\/encuentroinformativo.com.mx\/index.php?rest_route=\/wp\/v2\/posts\/29089\/revisions"}],"predecessor-version":[{"id":29090,"href":"https:\/\/encuentroinformativo.com.mx\/index.php?rest_route=\/wp\/v2\/posts\/29089\/revisions\/29090"}],"wp:featuredmedia":[{"embeddable":true,"href":"https:\/\/encuentroinformativo.com.mx\/index.php?rest_route=\/wp\/v2\/media\/387"}],"wp:attachment":[{"href":"https:\/\/encuentroinformativo.com.mx\/index.php?rest_route=%2Fwp%2Fv2%2Fmedia&parent=29089"}],"wp:term":[{"taxonomy":"category","embeddable":true,"href":"https:\/\/encuentroinformativo.com.mx\/index.php?rest_route=%2Fwp%2Fv2%2Fcategories&post=29089"},{"taxonomy":"post_tag","embeddable":true,"href":"https:\/\/encuentroinformativo.com.mx\/index.php?rest_route=%2Fwp%2Fv2%2Ftags&post=29089"}],"curies":[{"name":"wp","href":"https:\/\/api.w.org\/{rel}","templated":true}]}}