{"id":29091,"date":"2022-07-06T11:02:30","date_gmt":"2022-07-06T16:02:30","guid":{"rendered":"https:\/\/encuentroinformativo.com.mx\/?p=29091"},"modified":"2022-07-06T11:02:32","modified_gmt":"2022-07-06T16:02:32","slug":"colonias-de-alvarado-llevan-15-dias-sin-agua","status":"publish","type":"post","link":"https:\/\/encuentroinformativo.com.mx\/?p=29091","title":{"rendered":"Colonias de Alvarado llevan 15 d\u00edas sin agua"},"content":{"rendered":"\n<p><strong>Alejandro \u00c1vila<\/strong><\/p>\n\n\n\n<p>Alvarado, Ver.- El pozo n\u00famero 8 en el municipio de Alvarado volvi\u00f3 a sufrir desperfectos, por lo que la ciudadan\u00eda sufre de escasez de agua desde hace varios d\u00edas.<\/p>\n\n\n\n<p>Don Paulino Gonz\u00e1lez Sosa mencion\u00f3 que, las colonias del centro de la ciudad tienen 15 d\u00edas sin agua potable; y con la falla del pozo 8, suman 4 pozos sin funcionar en el municipio de Alvarado.<\/p>\n\n\n\n<p>&#8220;Yo no s\u00e9 qu\u00e9 piensa CAEV y el gobierno del estado para solucionar este problema, porque ya es demasiado, tenemos m\u00e1s de tres o cuatro d\u00edas aqu\u00ed la colonia Centro que no llega una sola gota de agua&#8221;, asest\u00f3.<\/p>\n\n\n\n<p>Agreg\u00f3 que, hace unos d\u00edas, la Comisi\u00f3n de Agua del Estado de Veracruz (CAEV) delegaci\u00f3n Alvarado, invit\u00f3 a la ciudadan\u00eda a regularizarse para poder hacerle ajustes en sus cobros por el servicio de agua, ya que hab\u00eda reconocido ha existido una escasez constante de l\u00edquido durante m\u00e1s de un a\u00f1o.<\/p>\n\n\n\n<p>En ese sentido, dijo que, el pozo nuevo que se est\u00e1 haciendo en el parque &#8220;Miguel Alem\u00e1n Vald\u00e9s&#8221; de Alvarado, ya est\u00e1 listo, \u00fanicamente les falta acondicionarlo con los aditamentos necesarios para poder echarlo a andar; adem\u00e1s de conectarlo con la red de agua potable de la ciudad.<\/p>\n\n\n\n<p>&#8220;Pero el gobierno del estado creo que no ha mandado los recursos o el material necesario qu\u00e9 se utiliza para poder echar a andar ese pozo, ya tiene m\u00e1s de dos meses o tres meses que lo empezaron a aforar y ya est\u00e1 listo, nada m\u00e1s le faltan ciertas cosas que el gobierno del estado no ha mandado&#8221;, remat\u00f3.<\/p>\n","protected":false},"excerpt":{"rendered":"<p>Alejandro \u00c1vila Alvarado, Ver.- El pozo n\u00famero 8 en el municipio de Alvarado volvi\u00f3 a sufrir desperfectos, por lo que la ciudadan\u00eda sufre de escasez de agua desde hace varios d\u00edas. Don Paulino Gonz\u00e1lez Sosa mencion\u00f3 que, las colonias del centro de la ciudad tienen 15 d\u00edas sin agua potable; y con la falla del [&hellip;]<\/p>\n","protected":false},"author":1,"featured_media":29092,"comment_status":"open","ping_status":"open","sticky":false,"template":"","format":"standard","meta":{"_jetpack_memberships_contains_paid_content":false,"footnotes":""},"categories":[2],"tags":[],"class_list":["post-29091","post","type-post","status-publish","format-standard","has-post-thumbnail","hentry","category-estado"],"jetpack_featured_media_url":"https:\/\/encuentroinformativo.com.mx\/wp-content\/uploads\/2022\/07\/E381CAA6-71FC-4FCF-A388-081A0BA6DF9B.jpeg","jetpack_sharing_enabled":true,"jetpack_likes_enabled":true,"amp_enabled":true,"_links":{"self":[{"href":"https:\/\/encuentroinformativo.com.mx\/index.php?rest_route=\/wp\/v2\/posts\/29091","targetHints":{"allow":["GET"]}}],"collection":[{"href":"https:\/\/encuentroinformativo.com.mx\/index.php?rest_route=\/wp\/v2\/posts"}],"about":[{"href":"https:\/\/encuentroinformativo.com.mx\/index.php?rest_route=\/wp\/v2\/types\/post"}],"author":[{"embeddable":true,"href":"https:\/\/encuentroinformativo.com.mx\/index.php?rest_route=\/wp\/v2\/users\/1"}],"replies":[{"embeddable":true,"href":"https:\/\/encuentroinformativo.com.mx\/index.php?rest_route=%2Fwp%2Fv2%2Fcomments&post=29091"}],"version-history":[{"count":1,"href":"https:\/\/encuentroinformativo.com.mx\/index.php?rest_route=\/wp\/v2\/posts\/29091\/revisions"}],"predecessor-version":[{"id":29093,"href":"https:\/\/encuentroinformativo.com.mx\/index.php?rest_route=\/wp\/v2\/posts\/29091\/revisions\/29093"}],"wp:featuredmedia":[{"embeddable":true,"href":"https:\/\/encuentroinformativo.com.mx\/index.php?rest_route=\/wp\/v2\/media\/29092"}],"wp:attachment":[{"href":"https:\/\/encuentroinformativo.com.mx\/index.php?rest_route=%2Fwp%2Fv2%2Fmedia&parent=29091"}],"wp:term":[{"taxonomy":"category","embeddable":true,"href":"https:\/\/encuentroinformativo.com.mx\/index.php?rest_route=%2Fwp%2Fv2%2Fcategories&post=29091"},{"taxonomy":"post_tag","embeddable":true,"href":"https:\/\/encuentroinformativo.com.mx\/index.php?rest_route=%2Fwp%2Fv2%2Ftags&post=29091"}],"curies":[{"name":"wp","href":"https:\/\/api.w.org\/{rel}","templated":true}]}}