{"id":29094,"date":"2022-07-06T11:28:06","date_gmt":"2022-07-06T16:28:06","guid":{"rendered":"https:\/\/encuentroinformativo.com.mx\/?p=29094"},"modified":"2022-07-06T11:28:10","modified_gmt":"2022-07-06T16:28:10","slug":"el-ex-basquetbolista-el-diablo-esta-hospitalizado-piden-por-su-salud","status":"publish","type":"post","link":"https:\/\/encuentroinformativo.com.mx\/?p=29094","title":{"rendered":"El ex basquetbolista &#8220;El Diablo&#8221; est\u00e1 hospitalizado, piden por su salud"},"content":{"rendered":"\n<p><strong>Alejandro \u00c1vila<\/strong><\/p>\n\n\n\n<p>Veracruz, Ver.- El ex basquetbolista profesional, \u00d3scar Arturo Castellanos Garc\u00eda, mejor conocido como &#8220;El Diablo&#8221;, fue hospitalizado de emergencia el pasado s\u00e1bado en Guadalajara.<\/p>\n\n\n\n<p>Xavi Castellanos, hermano del ex basquetbolista, fue quien inform\u00f3 sobre el estado de salud que guarda una de las m\u00e1ximas estrellas mexicanas en el deporte r\u00e1faga, qu\u00e9 la pesar de su mayor\u00eda en las \u00faltimas horas no ha podido abandonar el hospital.<\/p>\n\n\n\n<p>El \u00faltimo trabajo de &#8220;El Diablo&#8221;, fue como Head Coach con el Tec de Monterrey campus Guadalajara, donde participaron en la Liga de los 8 grandes.<\/p>\n\n\n\n<p>Oscar Castellanos fue parte de la franquicia de los Halcones Rojos de Veracruz, desde el 2005 al 2011, para despu\u00e9s ser asistente de Coach en la Liga Nacional de Baloncesto Profesional (LNBP).<\/p>\n\n\n\n<p>&#8220;El Diablo&#8221; particip\u00f3 con la Selecci\u00f3n Mexicana desde 1989 y fue el primer mexicano en obtener un contrato con la marca comercial Nike; adem\u00e1s jugo en el extranjero con Report Suzano y Carrefour Santo Andr\u00e9, ambos equipos de Brasil.<\/p>\n","protected":false},"excerpt":{"rendered":"<p>Alejandro \u00c1vila Veracruz, Ver.- El ex basquetbolista profesional, \u00d3scar Arturo Castellanos Garc\u00eda, mejor conocido como &#8220;El Diablo&#8221;, fue hospitalizado de emergencia el pasado s\u00e1bado en Guadalajara. Xavi Castellanos, hermano del ex basquetbolista, fue quien inform\u00f3 sobre el estado de salud que guarda una de las m\u00e1ximas estrellas mexicanas en el deporte r\u00e1faga, qu\u00e9 la pesar [&hellip;]<\/p>\n","protected":false},"author":1,"featured_media":29095,"comment_status":"open","ping_status":"open","sticky":false,"template":"","format":"standard","meta":{"_jetpack_memberships_contains_paid_content":false,"footnotes":""},"categories":[2],"tags":[],"class_list":["post-29094","post","type-post","status-publish","format-standard","has-post-thumbnail","hentry","category-estado"],"jetpack_featured_media_url":"https:\/\/encuentroinformativo.com.mx\/wp-content\/uploads\/2022\/07\/4A7C7CB5-BFAE-4C32-949B-EB4C8C7FB0EF.jpeg","jetpack_sharing_enabled":true,"jetpack_likes_enabled":true,"amp_enabled":true,"_links":{"self":[{"href":"https:\/\/encuentroinformativo.com.mx\/index.php?rest_route=\/wp\/v2\/posts\/29094","targetHints":{"allow":["GET"]}}],"collection":[{"href":"https:\/\/encuentroinformativo.com.mx\/index.php?rest_route=\/wp\/v2\/posts"}],"about":[{"href":"https:\/\/encuentroinformativo.com.mx\/index.php?rest_route=\/wp\/v2\/types\/post"}],"author":[{"embeddable":true,"href":"https:\/\/encuentroinformativo.com.mx\/index.php?rest_route=\/wp\/v2\/users\/1"}],"replies":[{"embeddable":true,"href":"https:\/\/encuentroinformativo.com.mx\/index.php?rest_route=%2Fwp%2Fv2%2Fcomments&post=29094"}],"version-history":[{"count":1,"href":"https:\/\/encuentroinformativo.com.mx\/index.php?rest_route=\/wp\/v2\/posts\/29094\/revisions"}],"predecessor-version":[{"id":29096,"href":"https:\/\/encuentroinformativo.com.mx\/index.php?rest_route=\/wp\/v2\/posts\/29094\/revisions\/29096"}],"wp:featuredmedia":[{"embeddable":true,"href":"https:\/\/encuentroinformativo.com.mx\/index.php?rest_route=\/wp\/v2\/media\/29095"}],"wp:attachment":[{"href":"https:\/\/encuentroinformativo.com.mx\/index.php?rest_route=%2Fwp%2Fv2%2Fmedia&parent=29094"}],"wp:term":[{"taxonomy":"category","embeddable":true,"href":"https:\/\/encuentroinformativo.com.mx\/index.php?rest_route=%2Fwp%2Fv2%2Fcategories&post=29094"},{"taxonomy":"post_tag","embeddable":true,"href":"https:\/\/encuentroinformativo.com.mx\/index.php?rest_route=%2Fwp%2Fv2%2Ftags&post=29094"}],"curies":[{"name":"wp","href":"https:\/\/api.w.org\/{rel}","templated":true}]}}