{"id":29105,"date":"2022-07-06T14:38:38","date_gmt":"2022-07-06T19:38:38","guid":{"rendered":"https:\/\/encuentroinformativo.com.mx\/?p=29105"},"modified":"2022-07-06T14:38:41","modified_gmt":"2022-07-06T19:38:41","slug":"en-caso-viridiana-envian-denuncia-por-correo","status":"publish","type":"post","link":"https:\/\/encuentroinformativo.com.mx\/?p=29105","title":{"rendered":"En caso Viridiana, env\u00edan denuncia por correo"},"content":{"rendered":"\n<p>Xalapa, Ver.- El abogado Tom\u00e1s Mundo Arriasa envi\u00f3 por Correos de M\u00e9xico, la denuncia contra qui\u00e9n resulte responsable a la Fiscal\u00eda Especializada por desaparici\u00f3n forzada de la j\u00f3ven Viridiana Moreno V\u00e1squez, esto tras no recibirle la denuncia en sus instalaciones, fue acompa\u00f1ado por los se\u00f1ores Enrique Moreno Marini y Aurora V\u00e1squez Rosales, padres de la joven. <br><\/p>\n\n\n\n<figure class=\"wp-block-image size-large\"><img loading=\"lazy\" decoding=\"async\" width=\"1024\" height=\"683\" src=\"https:\/\/encuentroinformativo.com.mx\/wp-content\/uploads\/2022\/07\/528A0EE3-973C-40FB-921F-477733D810D4-1024x683.jpeg\" alt=\"\" class=\"wp-image-29107\" srcset=\"https:\/\/encuentroinformativo.com.mx\/wp-content\/uploads\/2022\/07\/528A0EE3-973C-40FB-921F-477733D810D4-1024x683.jpeg 1024w, https:\/\/encuentroinformativo.com.mx\/wp-content\/uploads\/2022\/07\/528A0EE3-973C-40FB-921F-477733D810D4-300x200.jpeg 300w, https:\/\/encuentroinformativo.com.mx\/wp-content\/uploads\/2022\/07\/528A0EE3-973C-40FB-921F-477733D810D4-768x512.jpeg 768w, https:\/\/encuentroinformativo.com.mx\/wp-content\/uploads\/2022\/07\/528A0EE3-973C-40FB-921F-477733D810D4.jpeg 1203w\" sizes=\"auto, (max-width: 1024px) 100vw, 1024px\" \/><\/figure>\n","protected":false},"excerpt":{"rendered":"<p>Xalapa, Ver.- El abogado Tom\u00e1s Mundo Arriasa envi\u00f3 por Correos de M\u00e9xico, la denuncia contra qui\u00e9n resulte responsable a la Fiscal\u00eda Especializada por desaparici\u00f3n forzada de la j\u00f3ven Viridiana Moreno V\u00e1squez, esto tras no recibirle la denuncia en sus instalaciones, fue acompa\u00f1ado por los se\u00f1ores Enrique Moreno Marini y Aurora V\u00e1squez Rosales, padres de la [&hellip;]<\/p>\n","protected":false},"author":1,"featured_media":29106,"comment_status":"open","ping_status":"open","sticky":false,"template":"","format":"standard","meta":{"_jetpack_memberships_contains_paid_content":false,"footnotes":""},"categories":[2],"tags":[],"class_list":["post-29105","post","type-post","status-publish","format-standard","has-post-thumbnail","hentry","category-estado"],"jetpack_featured_media_url":"https:\/\/encuentroinformativo.com.mx\/wp-content\/uploads\/2022\/07\/57F836E1-4C9F-4150-9FB3-D1EB2F1EC709.jpeg","jetpack_sharing_enabled":true,"jetpack_likes_enabled":true,"amp_enabled":true,"_links":{"self":[{"href":"https:\/\/encuentroinformativo.com.mx\/index.php?rest_route=\/wp\/v2\/posts\/29105","targetHints":{"allow":["GET"]}}],"collection":[{"href":"https:\/\/encuentroinformativo.com.mx\/index.php?rest_route=\/wp\/v2\/posts"}],"about":[{"href":"https:\/\/encuentroinformativo.com.mx\/index.php?rest_route=\/wp\/v2\/types\/post"}],"author":[{"embeddable":true,"href":"https:\/\/encuentroinformativo.com.mx\/index.php?rest_route=\/wp\/v2\/users\/1"}],"replies":[{"embeddable":true,"href":"https:\/\/encuentroinformativo.com.mx\/index.php?rest_route=%2Fwp%2Fv2%2Fcomments&post=29105"}],"version-history":[{"count":1,"href":"https:\/\/encuentroinformativo.com.mx\/index.php?rest_route=\/wp\/v2\/posts\/29105\/revisions"}],"predecessor-version":[{"id":29108,"href":"https:\/\/encuentroinformativo.com.mx\/index.php?rest_route=\/wp\/v2\/posts\/29105\/revisions\/29108"}],"wp:featuredmedia":[{"embeddable":true,"href":"https:\/\/encuentroinformativo.com.mx\/index.php?rest_route=\/wp\/v2\/media\/29106"}],"wp:attachment":[{"href":"https:\/\/encuentroinformativo.com.mx\/index.php?rest_route=%2Fwp%2Fv2%2Fmedia&parent=29105"}],"wp:term":[{"taxonomy":"category","embeddable":true,"href":"https:\/\/encuentroinformativo.com.mx\/index.php?rest_route=%2Fwp%2Fv2%2Fcategories&post=29105"},{"taxonomy":"post_tag","embeddable":true,"href":"https:\/\/encuentroinformativo.com.mx\/index.php?rest_route=%2Fwp%2Fv2%2Ftags&post=29105"}],"curies":[{"name":"wp","href":"https:\/\/api.w.org\/{rel}","templated":true}]}}