{"id":29109,"date":"2022-07-06T15:47:03","date_gmt":"2022-07-06T20:47:03","guid":{"rendered":"https:\/\/encuentroinformativo.com.mx\/?p=29109"},"modified":"2022-07-06T15:47:07","modified_gmt":"2022-07-06T20:47:07","slug":"se-registra-incremento-en-casos-de-covid-reconoce-salud","status":"publish","type":"post","link":"https:\/\/encuentroinformativo.com.mx\/?p=29109","title":{"rendered":"Se registra incremento en casos de Covid, reconoce Salud"},"content":{"rendered":"\n<p><strong>Dar\u00edo Pale<\/strong><\/p>\n\n\n\n<p>Xalapa, Ver.- Hay un incremento importante de los caso de Covid-19, pero gracias a la vacunaci\u00f3n la hospitalizaci\u00f3n no ha crecido, as\u00ed lo reconoci\u00f3 el secretario de Salud, Gerardo D\u00edaz Morales.<\/p>\n\n\n\n<p>Entrevistado en el marco de la entrega de reconocimientos por antig\u00fcedad a trabajadores de la Secretar\u00eda, enfatiz\u00f3 que a pesar de esto, la vacunaci\u00f3n ha sido muy exitosa, lo que ha permitido tener casos estables, ambulatorios y casos que no han llegado a la hospitalizaci\u00f3n.<\/p>\n\n\n\n<p>Mientras que aquellos que s\u00ed llegan a los nosocomios, est\u00e1n debidamente resguardados, es decir, de las 599 camas que se manejaban, al d\u00eda de hoy son 82 para pacientes con Covid-19 en todo el Estado.<\/p>\n\n\n\n<p>De ese total, aclar\u00f3 que en los hospitales de la secretar\u00eda a su cargo s\u00f3lo hay 16 pacientes, lo que representa el 20 por ciento.<\/p>\n\n\n\n<p>\u201cDe qu\u00e9 habla esto, de lo exitoso de la vacuna, de lo exitoso de las medidas sanitarias aplicadas y del \u00e9xito en los planes y programas que est\u00e1n en estricto apego a nivel federal&#8221;, se\u00f1al\u00f3.<\/p>\n\n\n\n<p>El funcionario estatal agreg\u00f3 que se ha ido incrementando el n\u00famero municipios donde se vacunar\u00e1 a los menores de edad.<\/p>\n\n\n\n<p>&#8220;Tenemos 132 mil vacunados y la semana que entra 132 mil m\u00e1s, por supuesto que es un \u00e9xito (la vacunaci\u00f3n a menores de 5 a 12 a\u00f1os), hay una respuesta formidable de los pap\u00e1s. Yo estuve en los m\u00f3dulos de vacunaci\u00f3n y en estos m\u00f3dulos constat\u00e9 la brillante respuesta de las familias&#8221;, coment\u00f3.<\/p>\n\n\n\n<p>En otro orden de ideas, sobre la falta de medicamentos como paracetamol y loratadina para m\u00e9dicos residentes en el hospital Civil &#8220;Luis F. Nach\u00f3n&#8221;, de Xalapa, el Secretario asegur\u00f3 que hay abasto suficiente y presumi\u00f3 coordinaci\u00f3n con el Jefe de Servicios Administrativos.<\/p>\n\n\n\n<p>Sostuvo que se tienen coberturas muy amplias, pero ante el se\u00f1alamiento de que a personal m\u00e9dico que ha dado positivo a Covid, le faltan esos medicamentos b\u00e1sicos, se comprometi\u00f3 a revisarlo.<\/p>\n\n\n\n<p>Finalmente dijo &#8220;estamos haciendo coberturas muy altas, esto que me dices, te lo juro que lo reviso, hoy voy a estar en el Hospital Civil, yo estoy enterado que tenemos coberturas arriba de&#8230;&#8221;.<\/p>\n","protected":false},"excerpt":{"rendered":"<p>Dar\u00edo Pale Xalapa, Ver.- Hay un incremento importante de los caso de Covid-19, pero gracias a la vacunaci\u00f3n la hospitalizaci\u00f3n no ha crecido, as\u00ed lo reconoci\u00f3 el secretario de Salud, Gerardo D\u00edaz Morales. Entrevistado en el marco de la entrega de reconocimientos por antig\u00fcedad a trabajadores de la Secretar\u00eda, enfatiz\u00f3 que a pesar de esto, [&hellip;]<\/p>\n","protected":false},"author":1,"featured_media":29110,"comment_status":"open","ping_status":"open","sticky":false,"template":"","format":"standard","meta":{"_jetpack_memberships_contains_paid_content":false,"footnotes":""},"categories":[9],"tags":[],"class_list":["post-29109","post","type-post","status-publish","format-standard","has-post-thumbnail","hentry","category-salud"],"jetpack_featured_media_url":"https:\/\/encuentroinformativo.com.mx\/wp-content\/uploads\/2022\/07\/6B5129AD-824D-4C92-A981-5FB670675E8A.jpeg","jetpack_sharing_enabled":true,"jetpack_likes_enabled":true,"amp_enabled":true,"_links":{"self":[{"href":"https:\/\/encuentroinformativo.com.mx\/index.php?rest_route=\/wp\/v2\/posts\/29109","targetHints":{"allow":["GET"]}}],"collection":[{"href":"https:\/\/encuentroinformativo.com.mx\/index.php?rest_route=\/wp\/v2\/posts"}],"about":[{"href":"https:\/\/encuentroinformativo.com.mx\/index.php?rest_route=\/wp\/v2\/types\/post"}],"author":[{"embeddable":true,"href":"https:\/\/encuentroinformativo.com.mx\/index.php?rest_route=\/wp\/v2\/users\/1"}],"replies":[{"embeddable":true,"href":"https:\/\/encuentroinformativo.com.mx\/index.php?rest_route=%2Fwp%2Fv2%2Fcomments&post=29109"}],"version-history":[{"count":1,"href":"https:\/\/encuentroinformativo.com.mx\/index.php?rest_route=\/wp\/v2\/posts\/29109\/revisions"}],"predecessor-version":[{"id":29111,"href":"https:\/\/encuentroinformativo.com.mx\/index.php?rest_route=\/wp\/v2\/posts\/29109\/revisions\/29111"}],"wp:featuredmedia":[{"embeddable":true,"href":"https:\/\/encuentroinformativo.com.mx\/index.php?rest_route=\/wp\/v2\/media\/29110"}],"wp:attachment":[{"href":"https:\/\/encuentroinformativo.com.mx\/index.php?rest_route=%2Fwp%2Fv2%2Fmedia&parent=29109"}],"wp:term":[{"taxonomy":"category","embeddable":true,"href":"https:\/\/encuentroinformativo.com.mx\/index.php?rest_route=%2Fwp%2Fv2%2Fcategories&post=29109"},{"taxonomy":"post_tag","embeddable":true,"href":"https:\/\/encuentroinformativo.com.mx\/index.php?rest_route=%2Fwp%2Fv2%2Ftags&post=29109"}],"curies":[{"name":"wp","href":"https:\/\/api.w.org\/{rel}","templated":true}]}}