{"id":29116,"date":"2022-07-06T19:48:49","date_gmt":"2022-07-07T00:48:49","guid":{"rendered":"https:\/\/encuentroinformativo.com.mx\/?p=29116"},"modified":"2022-07-06T19:48:53","modified_gmt":"2022-07-07T00:48:53","slug":"solicita-funcionaria-reparacion-del-dano-acusa-violencia-politica","status":"publish","type":"post","link":"https:\/\/encuentroinformativo.com.mx\/?p=29116","title":{"rendered":"Solicita funcionaria reparaci\u00f3n del da\u00f1o; acusa violencia pol\u00edtica"},"content":{"rendered":"\n<p><strong>Juan Arcos <\/strong><\/p>\n\n\n\n<p>Xalapa, Ver.- La directora general de Administraci\u00f3n del Poder Judicial de Veracruz, Joana Marlen Bautista Flores, pidi\u00f3 que los presuntos responsables de haber ejercido violencia pol\u00edtica de g\u00e9nero y acoso cibern\u00e9tico en su contra sean castigados con todo el peso de la ley.<\/p>\n\n\n\n<p>Lo anterior, luego de que medios de comunicaci\u00f3n revelaran que la diputada local Nora Jessica Lagunes J\u00e1uregui y su colaborador Jos\u00e9 Alberto Vel\u00e1zquez Fajardo, ambos del Partido Acci\u00f3n Nacional (PAN), son los presuntos responsables de las agresiones contra la funcionaria del Poder Judicial.<\/p>\n\n\n\n<p>\u201cNo quisiera entorpecer las investigaciones, no s\u00e9 muy bien. Me parece que toda la investigaci\u00f3n va arrojada hacia ella y hacia otra persona, no quiero decir nombres, pero al final del d\u00eda todo cae por su propio peso\u201d, manifest\u00f3 la funcionaria.<\/p>\n\n\n\n<p>En entrevista realizada en las instalaciones del Tribunal Superior del Poder Judicial de Veracruz, Bautista Flores lament\u00f3 que una representante popular haya presuntamente ejercido dicha violencia.<\/p>\n\n\n\n<p>Se se\u00f1ala a los dos panistas de haber emprendido una campa\u00f1a de desprestigio contra Joana Marlen, descalificando el desempe\u00f1o de la servidora y publicando informaci\u00f3n falsa sobre su vida personal, familiar, y hasta fotograf\u00edas de sus hijas.<\/p>\n\n\n\n<p>\u201cLo \u00fanico que pido es que se bajen las fotograf\u00edas de mis menores, resarcir el da\u00f1o y que estas personas tengan su merecido al final del d\u00eda. Que se sepa que una mujer que tiene un fuero no representa a las mujeres de Veracruz, una mujer que tiene valores no insulta, no humilla a otras personas\u201d, enfatiz\u00f3 Joana Bautista.<\/p>\n\n\n\n<p>La afectada present\u00f3 una denuncia en la Fiscal\u00eda General del Estado (FGE) por el acoso cibern\u00e9tico que padeci\u00f3 su familia durante un a\u00f1o.<\/p>\n\n\n\n<p>\u201cSoy una mujer fuerte, que si soport\u00e9 un a\u00f1o de tantos insultos, humillaciones, denostaci\u00f3n a mi familia, incluso, a m\u00ed, tambi\u00e9n estoy preparada para defenderme y que no solamente soy yo\u201d, agreg\u00f3.<\/p>\n\n\n\n<p>Desde que la funcionaria judicial present\u00f3 la denuncia ha recibido los casos de 16 personas que tambi\u00e9n han sido v\u00edctimas de violencia pol\u00edtica de g\u00e9nero o acoso cibern\u00e9tico y que proceder\u00edan legalmente.<\/p>\n\n\n\n<p>\u201cHan tenido el valor para decir: Joana, yo tambi\u00e9n voy a denunciar. Se han sumado colectivos. No he querido que esto crezca, he tratado de hacer mi trabajo que es lo que m\u00e1s me importa\u201d, refiri\u00f3.<\/p>\n\n\n\n<p>Adem\u00e1s, dijo desconocer los motivos por los cuales fue perseguida y desprestigiada por parte de la Legisladora panista y su colaborador.<\/p>\n\n\n\n<p>\u201cQue estas personas tengan un castigo o por lo menos que sean se\u00f1alados ante Derechos Humanos y tambi\u00e9n que sean se\u00f1alados como los n\u00fameros 10 y 11 violentadores de mujeres en Veracruz, en la lista\u201d, remat\u00f3 Joana Bautista.<\/p>\n","protected":false},"excerpt":{"rendered":"<p>Juan Arcos Xalapa, Ver.- La directora general de Administraci\u00f3n del Poder Judicial de Veracruz, Joana Marlen Bautista Flores, pidi\u00f3 que los presuntos responsables de haber ejercido violencia pol\u00edtica de g\u00e9nero y acoso cibern\u00e9tico en su contra sean castigados con todo el peso de la ley. Lo anterior, luego de que medios de comunicaci\u00f3n revelaran que [&hellip;]<\/p>\n","protected":false},"author":1,"featured_media":29117,"comment_status":"open","ping_status":"open","sticky":false,"template":"","format":"standard","meta":{"_jetpack_memberships_contains_paid_content":false,"footnotes":""},"categories":[2],"tags":[],"class_list":["post-29116","post","type-post","status-publish","format-standard","has-post-thumbnail","hentry","category-estado"],"jetpack_featured_media_url":"https:\/\/encuentroinformativo.com.mx\/wp-content\/uploads\/2022\/07\/C885C291-A665-4457-BD58-7F3577AA7C4D.jpeg","jetpack_sharing_enabled":true,"jetpack_likes_enabled":true,"amp_enabled":true,"_links":{"self":[{"href":"https:\/\/encuentroinformativo.com.mx\/index.php?rest_route=\/wp\/v2\/posts\/29116","targetHints":{"allow":["GET"]}}],"collection":[{"href":"https:\/\/encuentroinformativo.com.mx\/index.php?rest_route=\/wp\/v2\/posts"}],"about":[{"href":"https:\/\/encuentroinformativo.com.mx\/index.php?rest_route=\/wp\/v2\/types\/post"}],"author":[{"embeddable":true,"href":"https:\/\/encuentroinformativo.com.mx\/index.php?rest_route=\/wp\/v2\/users\/1"}],"replies":[{"embeddable":true,"href":"https:\/\/encuentroinformativo.com.mx\/index.php?rest_route=%2Fwp%2Fv2%2Fcomments&post=29116"}],"version-history":[{"count":1,"href":"https:\/\/encuentroinformativo.com.mx\/index.php?rest_route=\/wp\/v2\/posts\/29116\/revisions"}],"predecessor-version":[{"id":29118,"href":"https:\/\/encuentroinformativo.com.mx\/index.php?rest_route=\/wp\/v2\/posts\/29116\/revisions\/29118"}],"wp:featuredmedia":[{"embeddable":true,"href":"https:\/\/encuentroinformativo.com.mx\/index.php?rest_route=\/wp\/v2\/media\/29117"}],"wp:attachment":[{"href":"https:\/\/encuentroinformativo.com.mx\/index.php?rest_route=%2Fwp%2Fv2%2Fmedia&parent=29116"}],"wp:term":[{"taxonomy":"category","embeddable":true,"href":"https:\/\/encuentroinformativo.com.mx\/index.php?rest_route=%2Fwp%2Fv2%2Fcategories&post=29116"},{"taxonomy":"post_tag","embeddable":true,"href":"https:\/\/encuentroinformativo.com.mx\/index.php?rest_route=%2Fwp%2Fv2%2Ftags&post=29116"}],"curies":[{"name":"wp","href":"https:\/\/api.w.org\/{rel}","templated":true}]}}