{"id":2912,"date":"2020-05-29T13:14:17","date_gmt":"2020-05-29T18:14:17","guid":{"rendered":"https:\/\/encuentroinformativo.com\/?p=2912"},"modified":"2020-05-29T13:14:20","modified_gmt":"2020-05-29T18:14:20","slug":"por-crisis-escuelas-privadas-en-colapso-financiero","status":"publish","type":"post","link":"https:\/\/encuentroinformativo.com.mx\/?p=2912","title":{"rendered":"Por crisis, escuelas privadas en colapso financiero"},"content":{"rendered":"\n<p><strong>Juan Arcos <\/strong><\/p>\n\n\n\n<p>Xalapa, Ver.- Entre 40 y 50 escuelas particulares se encuentran al borde del colapso financiero por la pandemia del COVID-19.<\/p>\n\n\n\n<p>De acuerdo con Carlos Luna Escudero, presidente de la Corporaci\u00f3n de Escuelas Particulares del Estado de Veracruz, dicho problema es recurrente en instituciones de todos los niveles edificativos.<\/p>\n\n\n\n<p>\u201cHay varias a punto del colapso financiero, precisamente las instituciones peque\u00f1as y de reciente creaci\u00f3n. Nosotros que tenemos muchos pues de alguna manera tenemos la oportunidad de ir posponiendo, asumiendo cr\u00e9ditos en esta crisis de falta de liquidez\u201d.<\/p>\n\n\n\n<p>El empresario es fundador del Instituto Veracruzano de Educaci\u00f3n Superior (IVES) y propietario de otros colegios privados, ubicados en la zona norte del estado, donde la crisis ha sido mayor.<\/p>\n\n\n\n<p>\u201cYo tengo algunas escuelas en la zona norte del estado Veracruz, de verdad que all\u00e1 el com\u00fan denominador es que la crisis financiera que conlleva la crisis sanitaria, hemos estado perdiendo matr\u00edcula y capacidad de pago, hay una situaci\u00f3n de crisis generalizada\u201d.<\/p>\n\n\n\n<p>La matr\u00edcula de algunas escuelas privadas ha disminuido hasta 70 por ciento, debido a que madres y padres de familia perdieron su empleo durante la contingencia sanitaria y ahora carecen de ingresos para pagar las colegiaturas.<\/p>\n\n\n\n<p>\u201cEs muy grave, de verdad que lo estamos sintiendo todas las instituciones, de todos los niveles educativos, no solamente los b\u00e1sicos, sino tambi\u00e9n, el nivel superior y medio superior\u201d.<\/p>\n\n\n\n<p>Se prev\u00e9 una mayor reducci\u00f3n en la matr\u00edcula para el ciclo escolar que iniciar\u00eda en agosto pr\u00f3ximo.<\/p>\n\n\n\n<p>Dicha situaci\u00f3n est\u00e1 obligando a los empresarios de la educaci\u00f3n a revisar sus estructuras administrativas y docentes en cada plantel.<\/p>\n\n\n\n<p><\/p>\n","protected":false},"excerpt":{"rendered":"<p>Juan Arcos Xalapa, Ver.- Entre 40 y 50 escuelas particulares se encuentran al borde del colapso financiero por la pandemia del COVID-19. De acuerdo con Carlos Luna Escudero, presidente de la Corporaci\u00f3n de Escuelas Particulares del Estado de Veracruz, dicho problema es recurrente en instituciones de todos los niveles edificativos. \u201cHay varias a punto del [&hellip;]<\/p>\n","protected":false},"author":1,"featured_media":2536,"comment_status":"open","ping_status":"open","sticky":false,"template":"","format":"standard","meta":{"_jetpack_memberships_contains_paid_content":false,"footnotes":""},"categories":[3],"tags":[],"class_list":["post-2912","post","type-post","status-publish","format-standard","has-post-thumbnail","hentry","category-xalapa"],"jetpack_featured_media_url":"https:\/\/encuentroinformativo.com.mx\/wp-content\/uploads\/2020\/05\/8F80AF2C-FA5E-41CA-BEF4-02CF21DCB71E.jpeg","jetpack_sharing_enabled":true,"jetpack_likes_enabled":true,"amp_enabled":true,"_links":{"self":[{"href":"https:\/\/encuentroinformativo.com.mx\/index.php?rest_route=\/wp\/v2\/posts\/2912","targetHints":{"allow":["GET"]}}],"collection":[{"href":"https:\/\/encuentroinformativo.com.mx\/index.php?rest_route=\/wp\/v2\/posts"}],"about":[{"href":"https:\/\/encuentroinformativo.com.mx\/index.php?rest_route=\/wp\/v2\/types\/post"}],"author":[{"embeddable":true,"href":"https:\/\/encuentroinformativo.com.mx\/index.php?rest_route=\/wp\/v2\/users\/1"}],"replies":[{"embeddable":true,"href":"https:\/\/encuentroinformativo.com.mx\/index.php?rest_route=%2Fwp%2Fv2%2Fcomments&post=2912"}],"version-history":[{"count":1,"href":"https:\/\/encuentroinformativo.com.mx\/index.php?rest_route=\/wp\/v2\/posts\/2912\/revisions"}],"predecessor-version":[{"id":2913,"href":"https:\/\/encuentroinformativo.com.mx\/index.php?rest_route=\/wp\/v2\/posts\/2912\/revisions\/2913"}],"wp:featuredmedia":[{"embeddable":true,"href":"https:\/\/encuentroinformativo.com.mx\/index.php?rest_route=\/wp\/v2\/media\/2536"}],"wp:attachment":[{"href":"https:\/\/encuentroinformativo.com.mx\/index.php?rest_route=%2Fwp%2Fv2%2Fmedia&parent=2912"}],"wp:term":[{"taxonomy":"category","embeddable":true,"href":"https:\/\/encuentroinformativo.com.mx\/index.php?rest_route=%2Fwp%2Fv2%2Fcategories&post=2912"},{"taxonomy":"post_tag","embeddable":true,"href":"https:\/\/encuentroinformativo.com.mx\/index.php?rest_route=%2Fwp%2Fv2%2Ftags&post=2912"}],"curies":[{"name":"wp","href":"https:\/\/api.w.org\/{rel}","templated":true}]}}