{"id":29131,"date":"2022-07-07T11:46:52","date_gmt":"2022-07-07T16:46:52","guid":{"rendered":"https:\/\/encuentroinformativo.com.mx\/?p=29131"},"modified":"2022-07-07T11:46:55","modified_gmt":"2022-07-07T16:46:55","slug":"esperan-hoteleros-temporada-alta-de-verano-cometur","status":"publish","type":"post","link":"https:\/\/encuentroinformativo.com.mx\/?p=29131","title":{"rendered":"Esperan hoteleros temporada alta de verano: COMETUR"},"content":{"rendered":"\n<p><strong>Alejandro \u00c1vila<\/strong><\/p>\n\n\n\n<p>Veracruz, Ver.- El presidente del Consejo Metropolitano de Turismo (COMETUR), Sergio Lois Heredia reconoci\u00f3 que, durante el fin de semana de Carnaval se tuvo ocupaci\u00f3n hotelera a tope, sobre todo los d\u00edas viernes y s\u00e1bado.<\/p>\n\n\n\n<p>S\u00ed bien el empresario hotelero dijo que durante el domingo bajo la afluencia, reconoci\u00f3 fue un mejor domingo qu\u00e9 otros.<\/p>\n\n\n\n<p>En cuanto a los d\u00edas lunes y martes manifest\u00f3 una ocupaci\u00f3n hotelera m\u00ednima, a diferencia de otros a\u00f1os, d\u00f3nde por causa de los conciertos masivos en la Macroplaza del Malec\u00f3n, hab\u00eda visitantes qu\u00e9 alargaban su estancia en la zona conurbada Veracruz &#8211; Boca del R\u00edo.<\/p>\n\n\n\n<p>&#8220;Ahorita para lo que es la segunda mitad de julio y la primera de agosto se espera lo que es la temporada alta de verano, qu\u00e9 es la temporada alta m\u00e1s importante del a\u00f1o, porque es la temporada alta que m\u00e1s d\u00edas tiene, si la comparamos con Semana Santa, si la comparamos con la de diciembre, pues la m\u00e1s larga es la de verano. Entonces ahora se nos viene esta temporada alta, tenemos buenas expectativas en cuanto a la afluencia tur\u00edstica, sobre todo para los fines de semana que abarcan estas fechas que te estoy comentando&#8221;, apunt\u00f3.<\/p>\n\n\n\n<p>Finalmente dijo que son, como siempre, los meses de septiembre y octubre de los m\u00e1s bajos en el a\u00f1o, y esperar\u00e1n que el turismo de negocios les dej\u00e9 un porcentaje de medio a alto en ocupaci\u00f3n hotelera.<\/p>\n","protected":false},"excerpt":{"rendered":"<p>Alejandro \u00c1vila Veracruz, Ver.- El presidente del Consejo Metropolitano de Turismo (COMETUR), Sergio Lois Heredia reconoci\u00f3 que, durante el fin de semana de Carnaval se tuvo ocupaci\u00f3n hotelera a tope, sobre todo los d\u00edas viernes y s\u00e1bado. S\u00ed bien el empresario hotelero dijo que durante el domingo bajo la afluencia, reconoci\u00f3 fue un mejor domingo [&hellip;]<\/p>\n","protected":false},"author":1,"featured_media":29132,"comment_status":"open","ping_status":"open","sticky":false,"template":"","format":"standard","meta":{"_jetpack_memberships_contains_paid_content":false,"footnotes":""},"categories":[2],"tags":[],"class_list":["post-29131","post","type-post","status-publish","format-standard","has-post-thumbnail","hentry","category-estado"],"jetpack_featured_media_url":"https:\/\/encuentroinformativo.com.mx\/wp-content\/uploads\/2022\/07\/78FD7530-E4C3-4A16-9E89-40A7EAACEAA5.jpeg","jetpack_sharing_enabled":true,"jetpack_likes_enabled":true,"amp_enabled":true,"_links":{"self":[{"href":"https:\/\/encuentroinformativo.com.mx\/index.php?rest_route=\/wp\/v2\/posts\/29131","targetHints":{"allow":["GET"]}}],"collection":[{"href":"https:\/\/encuentroinformativo.com.mx\/index.php?rest_route=\/wp\/v2\/posts"}],"about":[{"href":"https:\/\/encuentroinformativo.com.mx\/index.php?rest_route=\/wp\/v2\/types\/post"}],"author":[{"embeddable":true,"href":"https:\/\/encuentroinformativo.com.mx\/index.php?rest_route=\/wp\/v2\/users\/1"}],"replies":[{"embeddable":true,"href":"https:\/\/encuentroinformativo.com.mx\/index.php?rest_route=%2Fwp%2Fv2%2Fcomments&post=29131"}],"version-history":[{"count":1,"href":"https:\/\/encuentroinformativo.com.mx\/index.php?rest_route=\/wp\/v2\/posts\/29131\/revisions"}],"predecessor-version":[{"id":29133,"href":"https:\/\/encuentroinformativo.com.mx\/index.php?rest_route=\/wp\/v2\/posts\/29131\/revisions\/29133"}],"wp:featuredmedia":[{"embeddable":true,"href":"https:\/\/encuentroinformativo.com.mx\/index.php?rest_route=\/wp\/v2\/media\/29132"}],"wp:attachment":[{"href":"https:\/\/encuentroinformativo.com.mx\/index.php?rest_route=%2Fwp%2Fv2%2Fmedia&parent=29131"}],"wp:term":[{"taxonomy":"category","embeddable":true,"href":"https:\/\/encuentroinformativo.com.mx\/index.php?rest_route=%2Fwp%2Fv2%2Fcategories&post=29131"},{"taxonomy":"post_tag","embeddable":true,"href":"https:\/\/encuentroinformativo.com.mx\/index.php?rest_route=%2Fwp%2Fv2%2Ftags&post=29131"}],"curies":[{"name":"wp","href":"https:\/\/api.w.org\/{rel}","templated":true}]}}