{"id":29134,"date":"2022-07-07T13:21:00","date_gmt":"2022-07-07T18:21:00","guid":{"rendered":"https:\/\/encuentroinformativo.com.mx\/?p=29134"},"modified":"2022-07-07T13:21:05","modified_gmt":"2022-07-07T18:21:05","slug":"se-reunen-secretarios-de-marina-de-mexico-y-estados-unidos-en-veracruz","status":"publish","type":"post","link":"https:\/\/encuentroinformativo.com.mx\/?p=29134","title":{"rendered":"Se re\u00fanen secretarios de Marina de M\u00e9xico y Estados Unidos en Veracruz"},"content":{"rendered":"\n<p><strong>Alejandro \u00c1vila<\/strong><\/p>\n\n\n\n<p>Boca del R\u00edo, Ver.- El secretario de Marina de los Estados Unidos, Carlos del Toro, visit\u00f3 la ma\u00f1ana de este jueves la ciudad de Veracruz, para sostener una reuni\u00f3n con su par en M\u00e9xico, Rafael Ojeda Dur\u00e1n.<\/p>\n\n\n\n<p>La reuni\u00f3n que fue privada y donde no estuvo presente ninguna autoridad del Gobierno del Estado, se llev\u00f3 a cabo en las instalaciones de la USBI de Boca del R\u00edo.<\/p>\n\n\n\n<p>Muy escueto en sus respuestas, el funcionario norteamericano asegur\u00f3 que, es la primera vez que visita la ciudad de Veracruz, y el motivo de su visita es coadyuvar con la Marina mexicana estrategias de defensa.<\/p>\n\n\n\n<p>&#8220;Encantado de estar aqu\u00ed en Veracruz con mis amigos los mexicanos&#8221;, fueron algunas de las pocas palabras que alcanz\u00f3 a se\u00f1alar el secretario de Marina de los Estados Unidos, qui\u00e9n adem\u00e1s destac\u00f3 la gastronom\u00eda veracruzana.<\/p>\n\n\n\n<p>Durante gran parte de la ma\u00f1ana y tarde de este jueves, la Unidad de Servicios Bibliotecarios e Informaci\u00f3n (USBI) de la Universidad Veracruzana campus Mocambo, en el municipio de Boca del R\u00edo, fue totalmente blindada por la Polic\u00eda Naval, por lo cual fueron desviados algunos automovilistas y rutas de camiones de la zona.<\/p>\n","protected":false},"excerpt":{"rendered":"<p>Alejandro \u00c1vila Boca del R\u00edo, Ver.- El secretario de Marina de los Estados Unidos, Carlos del Toro, visit\u00f3 la ma\u00f1ana de este jueves la ciudad de Veracruz, para sostener una reuni\u00f3n con su par en M\u00e9xico, Rafael Ojeda Dur\u00e1n. La reuni\u00f3n que fue privada y donde no estuvo presente ninguna autoridad del Gobierno del Estado, [&hellip;]<\/p>\n","protected":false},"author":1,"featured_media":29135,"comment_status":"open","ping_status":"open","sticky":false,"template":"","format":"standard","meta":{"_jetpack_memberships_contains_paid_content":false,"footnotes":""},"categories":[2],"tags":[],"class_list":["post-29134","post","type-post","status-publish","format-standard","has-post-thumbnail","hentry","category-estado"],"jetpack_featured_media_url":"https:\/\/encuentroinformativo.com.mx\/wp-content\/uploads\/2022\/07\/74B9B44E-4594-4721-9586-A6378D7F62E6.jpeg","jetpack_sharing_enabled":true,"jetpack_likes_enabled":true,"amp_enabled":true,"_links":{"self":[{"href":"https:\/\/encuentroinformativo.com.mx\/index.php?rest_route=\/wp\/v2\/posts\/29134","targetHints":{"allow":["GET"]}}],"collection":[{"href":"https:\/\/encuentroinformativo.com.mx\/index.php?rest_route=\/wp\/v2\/posts"}],"about":[{"href":"https:\/\/encuentroinformativo.com.mx\/index.php?rest_route=\/wp\/v2\/types\/post"}],"author":[{"embeddable":true,"href":"https:\/\/encuentroinformativo.com.mx\/index.php?rest_route=\/wp\/v2\/users\/1"}],"replies":[{"embeddable":true,"href":"https:\/\/encuentroinformativo.com.mx\/index.php?rest_route=%2Fwp%2Fv2%2Fcomments&post=29134"}],"version-history":[{"count":1,"href":"https:\/\/encuentroinformativo.com.mx\/index.php?rest_route=\/wp\/v2\/posts\/29134\/revisions"}],"predecessor-version":[{"id":29136,"href":"https:\/\/encuentroinformativo.com.mx\/index.php?rest_route=\/wp\/v2\/posts\/29134\/revisions\/29136"}],"wp:featuredmedia":[{"embeddable":true,"href":"https:\/\/encuentroinformativo.com.mx\/index.php?rest_route=\/wp\/v2\/media\/29135"}],"wp:attachment":[{"href":"https:\/\/encuentroinformativo.com.mx\/index.php?rest_route=%2Fwp%2Fv2%2Fmedia&parent=29134"}],"wp:term":[{"taxonomy":"category","embeddable":true,"href":"https:\/\/encuentroinformativo.com.mx\/index.php?rest_route=%2Fwp%2Fv2%2Fcategories&post=29134"},{"taxonomy":"post_tag","embeddable":true,"href":"https:\/\/encuentroinformativo.com.mx\/index.php?rest_route=%2Fwp%2Fv2%2Ftags&post=29134"}],"curies":[{"name":"wp","href":"https:\/\/api.w.org\/{rel}","templated":true}]}}