{"id":29140,"date":"2022-07-07T15:01:10","date_gmt":"2022-07-07T20:01:10","guid":{"rendered":"https:\/\/encuentroinformativo.com.mx\/?p=29140"},"modified":"2022-07-07T15:01:12","modified_gmt":"2022-07-07T20:01:12","slug":"convocan-a-trenzando-esperanza-en-el-parque-juarez","status":"publish","type":"post","link":"https:\/\/encuentroinformativo.com.mx\/?p=29140","title":{"rendered":"Convocan a \u201cTrenzando Esperanza\u201d en el parque Ju\u00e1rez"},"content":{"rendered":"\n<p><strong>Dar\u00edo Pale <\/strong><\/p>\n\n\n\n<p>Xalapa, Ver.- Invitan a la ciudadan\u00eda para que done trenzas para elaborar pelucas oncol\u00f3gicas dicho \u00a0evento se llevar\u00e1 a cabo el 16 de julio en el Parque Ju\u00e1rez, as\u00ed lo inform\u00f3 Mar\u00eda del Rosario Contreras Flores, presidenta de la asociaci\u00f3n Mujeres Sembrando Esperanza.<\/p>\n\n\n\n<p>En conferencia de prensa en coordinaci\u00f3n con el Instituto de Belleza Ada anunciaron la campa\u00f1a &#8220;Trenzando Esperanza&#8221; para elaborar pelucas oncol\u00f3gicas, dicho evento se llevar\u00e1 a cabo el s\u00e1bado 16 de julio, a partir de las 10 de la ma\u00f1ana, a un costado del parque Ju\u00e1rez. Ah\u00ed se cortar\u00e1n las trenzas o tambi\u00e9n pueden llevarlas ya cortadas.<\/p>\n\n\n\n<p>&#8220;Sabemos que el c\u00e1ncer es la enfermedad que provoca m\u00e1s \u00edndice de mortandad en los ni\u00f1os y es la causa principal de enfermedad en los adultos&#8221;, se\u00f1al\u00f3.<\/p>\n\n\n\n<p>Dieron a conocer que la trenza debe medir aproximadamente 25 cent\u00edmetros de largo, el cabello deber\u00e1 estar seco, sin tinte ni da\u00f1ado, &#8220;Puede ser de a\u00f1os anteriores pero que se encuentre en buen estado&#8221;.<\/p>\n\n\n\n<p>Las pelucas se entregar\u00e1n al Centro de Cancerolog\u00eda de Xalapa para ni\u00f1os o para quienes las necesiten, hasta el momento la organizaci\u00f3n ha apoyado a 15 ni\u00f1os de una lista de 50 y en el Centro de Cancerolog\u00eda son atendidos alrededor de 300 menores.<\/p>\n\n\n\n<p>Finamente dieron a concomer que el Instituto de Belleza ofrecer\u00e1 cortes de cabello gratis y solo deben donar tapitas de pl\u00e1stico.<\/p>\n\n\n\n<figure class=\"wp-block-image size-large\"><img loading=\"lazy\" decoding=\"async\" width=\"1024\" height=\"682\" src=\"https:\/\/encuentroinformativo.com.mx\/wp-content\/uploads\/2022\/07\/25CCB71E-12F0-4882-AC2C-421D8F14E909-1024x682.jpeg\" alt=\"\" class=\"wp-image-29142\" srcset=\"https:\/\/encuentroinformativo.com.mx\/wp-content\/uploads\/2022\/07\/25CCB71E-12F0-4882-AC2C-421D8F14E909-1024x682.jpeg 1024w, https:\/\/encuentroinformativo.com.mx\/wp-content\/uploads\/2022\/07\/25CCB71E-12F0-4882-AC2C-421D8F14E909-300x200.jpeg 300w, https:\/\/encuentroinformativo.com.mx\/wp-content\/uploads\/2022\/07\/25CCB71E-12F0-4882-AC2C-421D8F14E909-768x512.jpeg 768w, https:\/\/encuentroinformativo.com.mx\/wp-content\/uploads\/2022\/07\/25CCB71E-12F0-4882-AC2C-421D8F14E909.jpeg 1280w\" sizes=\"auto, (max-width: 1024px) 100vw, 1024px\" \/><\/figure>\n","protected":false},"excerpt":{"rendered":"<p>Dar\u00edo Pale Xalapa, Ver.- Invitan a la ciudadan\u00eda para que done trenzas para elaborar pelucas oncol\u00f3gicas dicho \u00a0evento se llevar\u00e1 a cabo el 16 de julio en el Parque Ju\u00e1rez, as\u00ed lo inform\u00f3 Mar\u00eda del Rosario Contreras Flores, presidenta de la asociaci\u00f3n Mujeres Sembrando Esperanza. En conferencia de prensa en coordinaci\u00f3n con el Instituto de [&hellip;]<\/p>\n","protected":false},"author":1,"featured_media":29141,"comment_status":"open","ping_status":"open","sticky":false,"template":"","format":"standard","meta":{"_jetpack_memberships_contains_paid_content":false,"footnotes":""},"categories":[3],"tags":[],"class_list":["post-29140","post","type-post","status-publish","format-standard","has-post-thumbnail","hentry","category-xalapa"],"jetpack_featured_media_url":"https:\/\/encuentroinformativo.com.mx\/wp-content\/uploads\/2022\/07\/57A1F8E5-338B-4FFD-961D-902C72F40721.jpeg","jetpack_sharing_enabled":true,"jetpack_likes_enabled":true,"amp_enabled":true,"_links":{"self":[{"href":"https:\/\/encuentroinformativo.com.mx\/index.php?rest_route=\/wp\/v2\/posts\/29140","targetHints":{"allow":["GET"]}}],"collection":[{"href":"https:\/\/encuentroinformativo.com.mx\/index.php?rest_route=\/wp\/v2\/posts"}],"about":[{"href":"https:\/\/encuentroinformativo.com.mx\/index.php?rest_route=\/wp\/v2\/types\/post"}],"author":[{"embeddable":true,"href":"https:\/\/encuentroinformativo.com.mx\/index.php?rest_route=\/wp\/v2\/users\/1"}],"replies":[{"embeddable":true,"href":"https:\/\/encuentroinformativo.com.mx\/index.php?rest_route=%2Fwp%2Fv2%2Fcomments&post=29140"}],"version-history":[{"count":1,"href":"https:\/\/encuentroinformativo.com.mx\/index.php?rest_route=\/wp\/v2\/posts\/29140\/revisions"}],"predecessor-version":[{"id":29143,"href":"https:\/\/encuentroinformativo.com.mx\/index.php?rest_route=\/wp\/v2\/posts\/29140\/revisions\/29143"}],"wp:featuredmedia":[{"embeddable":true,"href":"https:\/\/encuentroinformativo.com.mx\/index.php?rest_route=\/wp\/v2\/media\/29141"}],"wp:attachment":[{"href":"https:\/\/encuentroinformativo.com.mx\/index.php?rest_route=%2Fwp%2Fv2%2Fmedia&parent=29140"}],"wp:term":[{"taxonomy":"category","embeddable":true,"href":"https:\/\/encuentroinformativo.com.mx\/index.php?rest_route=%2Fwp%2Fv2%2Fcategories&post=29140"},{"taxonomy":"post_tag","embeddable":true,"href":"https:\/\/encuentroinformativo.com.mx\/index.php?rest_route=%2Fwp%2Fv2%2Ftags&post=29140"}],"curies":[{"name":"wp","href":"https:\/\/api.w.org\/{rel}","templated":true}]}}