{"id":29150,"date":"2022-07-07T17:36:17","date_gmt":"2022-07-07T22:36:17","guid":{"rendered":"https:\/\/encuentroinformativo.com.mx\/?p=29150"},"modified":"2022-07-07T17:36:19","modified_gmt":"2022-07-07T22:36:19","slug":"desconoce-alcaldesa-de-alvarado-presuntas-investigaciones-en-su-contra","status":"publish","type":"post","link":"https:\/\/encuentroinformativo.com.mx\/?p=29150","title":{"rendered":"Desconoce alcaldesa de Alvarado presuntas investigaciones en su contra"},"content":{"rendered":"\n<p><strong>Dar\u00edo Pale <\/strong><\/p>\n\n\n\n<p>Xalapa, Ver.- Niega que exista una investigaci\u00f3n en su contra respecto a las declaraciones del gobernador Cuitl\u00e1huac Garc\u00eda Jim\u00e9nez, en meses pasados, as\u00ed lo afirm\u00f3 la presidenta municipal de Alvarado, Lizzette \u00c1lvarez Vera.<\/p>\n\n\n\n<p>En entrevista previo a la presentaci\u00f3n de la Red de Mujeres Electas en el Congreso del Estado reiter\u00f3 su respeto al mandatario estatal y rechaz\u00f3 que haya sido notificada por parte de la Fiscal\u00eda o de alg\u00fan ente de procuraci\u00f3n de justicia.<\/p>\n\n\n\n<p>&#8220;No, hasta el momento no he sido notificada, y bueno (&#8230;) pues todos mi respeto para el se\u00f1or gobernador del estado, estamos en el municipio de Alvarado con la mejor disposici\u00f3n de trabajar, tanto con el gobierno del estado con el federal&#8221;, se\u00f1al\u00f3.<\/p>\n\n\n\n<p>Asegur\u00f3 que su administraci\u00f3n \u00fanicamente ha estado dando resultados notorios y que no se hab\u00edan visto antes, desde hace m\u00e1s de 20 a\u00f1os.<\/p>\n\n\n\n<p>Se\u00f1al\u00f3 que sobre aquella investigaci\u00f3n que Garc\u00eda Jim\u00e9nez asegur\u00f3 se estaba siguiendo en ese municipio por presuntos nexos de la presidenta municipal con alguna banda que se dedica al tr\u00e1fico de personas, ella no tiene ninguna notificaci\u00f3n.<\/p>\n\n\n\n<p>&#8220;Hasta el momento no se ha presentado ninguna denuncia, ninguna prueba, ninguna declaraci\u00f3n, ni ning\u00fan tipo de cosas que hagan valer este tipo de declaraciones y bueno, todo el mundo puede decir lo que quiera pero lo dif\u00edcil es probarlo (sic)&#8221;, coment\u00f3.<\/p>\n\n\n\n<p>Finalmente mencion\u00f3 que no tienen ning\u00fan problema con las autoridades estatales y que incluso se encuentran deseosos de trabajar con ellos ya que hay mucho que detonar en Alvarado.<\/p>\n","protected":false},"excerpt":{"rendered":"<p>Dar\u00edo Pale Xalapa, Ver.- Niega que exista una investigaci\u00f3n en su contra respecto a las declaraciones del gobernador Cuitl\u00e1huac Garc\u00eda Jim\u00e9nez, en meses pasados, as\u00ed lo afirm\u00f3 la presidenta municipal de Alvarado, Lizzette \u00c1lvarez Vera. En entrevista previo a la presentaci\u00f3n de la Red de Mujeres Electas en el Congreso del Estado reiter\u00f3 su respeto [&hellip;]<\/p>\n","protected":false},"author":1,"featured_media":29151,"comment_status":"open","ping_status":"open","sticky":false,"template":"","format":"standard","meta":{"_jetpack_memberships_contains_paid_content":false,"footnotes":""},"categories":[2],"tags":[],"class_list":["post-29150","post","type-post","status-publish","format-standard","has-post-thumbnail","hentry","category-estado"],"jetpack_featured_media_url":"https:\/\/encuentroinformativo.com.mx\/wp-content\/uploads\/2022\/07\/ED70C2A4-0980-43B9-AB5F-13CD629735DC.jpeg","jetpack_sharing_enabled":true,"jetpack_likes_enabled":true,"amp_enabled":true,"_links":{"self":[{"href":"https:\/\/encuentroinformativo.com.mx\/index.php?rest_route=\/wp\/v2\/posts\/29150","targetHints":{"allow":["GET"]}}],"collection":[{"href":"https:\/\/encuentroinformativo.com.mx\/index.php?rest_route=\/wp\/v2\/posts"}],"about":[{"href":"https:\/\/encuentroinformativo.com.mx\/index.php?rest_route=\/wp\/v2\/types\/post"}],"author":[{"embeddable":true,"href":"https:\/\/encuentroinformativo.com.mx\/index.php?rest_route=\/wp\/v2\/users\/1"}],"replies":[{"embeddable":true,"href":"https:\/\/encuentroinformativo.com.mx\/index.php?rest_route=%2Fwp%2Fv2%2Fcomments&post=29150"}],"version-history":[{"count":1,"href":"https:\/\/encuentroinformativo.com.mx\/index.php?rest_route=\/wp\/v2\/posts\/29150\/revisions"}],"predecessor-version":[{"id":29152,"href":"https:\/\/encuentroinformativo.com.mx\/index.php?rest_route=\/wp\/v2\/posts\/29150\/revisions\/29152"}],"wp:featuredmedia":[{"embeddable":true,"href":"https:\/\/encuentroinformativo.com.mx\/index.php?rest_route=\/wp\/v2\/media\/29151"}],"wp:attachment":[{"href":"https:\/\/encuentroinformativo.com.mx\/index.php?rest_route=%2Fwp%2Fv2%2Fmedia&parent=29150"}],"wp:term":[{"taxonomy":"category","embeddable":true,"href":"https:\/\/encuentroinformativo.com.mx\/index.php?rest_route=%2Fwp%2Fv2%2Fcategories&post=29150"},{"taxonomy":"post_tag","embeddable":true,"href":"https:\/\/encuentroinformativo.com.mx\/index.php?rest_route=%2Fwp%2Fv2%2Ftags&post=29150"}],"curies":[{"name":"wp","href":"https:\/\/api.w.org\/{rel}","templated":true}]}}