{"id":29153,"date":"2022-07-07T17:43:40","date_gmt":"2022-07-07T22:43:40","guid":{"rendered":"https:\/\/encuentroinformativo.com.mx\/?p=29153"},"modified":"2022-07-07T17:43:43","modified_gmt":"2022-07-07T22:43:43","slug":"hay-focos-rojos-en-poder-judicial-senala-diputada","status":"publish","type":"post","link":"https:\/\/encuentroinformativo.com.mx\/?p=29153","title":{"rendered":"Hay \u2018focos rojos\u2019 en Poder Judicial, se\u00f1ala Diputada"},"content":{"rendered":"\n<p><strong>Dar\u00edo Pale <\/strong><\/p>\n\n\n\n<p>Xalapa, Ver.- La diputada local Nora J\u00e9ssica Lagunes J\u00e1uregui neg\u00f3 que est\u00e9 realizando una campa\u00f1a o est\u00e9 atacando con violencia pol\u00edtica en raz\u00f3n de g\u00e9nero a la Directora General de Administraci\u00f3n del Poder Judicial del Estado, Joana Marlen Bautista Flores.<\/p>\n\n\n\n<p>En entrevista se\u00f1al\u00f3 que, luego de que se diera a conocer que la legisladora local del PAN, acus\u00f3 abuso de poder a la funcionaria estatal ya que se ubica en un lugar en donde se da la procuraci\u00f3n de justicia.<\/p>\n\n\n\n<p>Y es que Bautista Flores denunci\u00f3 hace unos d\u00edas violencia pol\u00edtica en raz\u00f3n de g\u00e9nero, y este mi\u00e9rcoles 6 de julio del 2022 filtr\u00f3 en medios la denuncia legal, violentando as\u00ed el debido proceso.<\/p>\n\n\n\n<p>Ah\u00ed, acusa a un supuesto colaborador cercano a la legisladora Nora Lagunes, a quien acuso de iniciar una campa\u00f1a en su contra, esto porque denunci\u00f3 no se le quiso dar contratos a su empresa, pero dej\u00f3 en claro que la persona se\u00f1alada en primera mano no es su colaborador y, mucho menos tengan una relaci\u00f3n laboral.<\/p>\n\n\n\n<p>\u201cPrimera, otra mentira, pueden ustedes notificar, revisar aqu\u00ed en el \u00e1rea \u00a0Recursos Humanos del Congreso del Estado y no es una persona que este adscrita a mi oficina, no es una persona laboral &#8211; contractual conmigo\u201d, se\u00f1al\u00f3.<\/p>\n\n\n\n<p>Nora Lagunes, solicit\u00f3 al Poder Judicial y a la presidenta ser transparentes y apegados a derecho y a la ley, pues al ser la administradora la que denuncia se puede tener un \u201cfoco rojo\u201d en materia de procuraci\u00f3n de justicia.<\/p>\n\n\n\n<p>\u201cSobre todo, que este mintiendo de una forma tan grande, tan grande, tan delicada sobre todo deber\u00eda de hacer eso para el Poder Judicial un punto rojo, un sem\u00e1foro rojo, en donde puedan decir que est\u00e1 pasando de manera p\u00fablica&#8221;, coment\u00f3.<\/p>\n\n\n\n<p>\u201cQuien administra aqu\u00ed sale y dice y pues presume de ser quien asigne contratos millonarios que de alguna manera haga conocimiento de una denuncia que no estamos notificadas de un proceso legal para hacerlo porque de alguna manera sale y lo se\u00f1ala y no presenta ninguna prueba, goza de alguna impunidad\u201d, finaliz\u00f3.<\/p>\n","protected":false},"excerpt":{"rendered":"<p>Dar\u00edo Pale Xalapa, Ver.- La diputada local Nora J\u00e9ssica Lagunes J\u00e1uregui neg\u00f3 que est\u00e9 realizando una campa\u00f1a o est\u00e9 atacando con violencia pol\u00edtica en raz\u00f3n de g\u00e9nero a la Directora General de Administraci\u00f3n del Poder Judicial del Estado, Joana Marlen Bautista Flores. En entrevista se\u00f1al\u00f3 que, luego de que se diera a conocer que la [&hellip;]<\/p>\n","protected":false},"author":1,"featured_media":29154,"comment_status":"open","ping_status":"open","sticky":false,"template":"","format":"standard","meta":{"_jetpack_memberships_contains_paid_content":false,"footnotes":""},"categories":[2],"tags":[],"class_list":["post-29153","post","type-post","status-publish","format-standard","has-post-thumbnail","hentry","category-estado"],"jetpack_featured_media_url":"https:\/\/encuentroinformativo.com.mx\/wp-content\/uploads\/2022\/07\/4A8D6366-35D2-453C-A808-4855B2DDA446.jpeg","jetpack_sharing_enabled":true,"jetpack_likes_enabled":true,"amp_enabled":true,"_links":{"self":[{"href":"https:\/\/encuentroinformativo.com.mx\/index.php?rest_route=\/wp\/v2\/posts\/29153","targetHints":{"allow":["GET"]}}],"collection":[{"href":"https:\/\/encuentroinformativo.com.mx\/index.php?rest_route=\/wp\/v2\/posts"}],"about":[{"href":"https:\/\/encuentroinformativo.com.mx\/index.php?rest_route=\/wp\/v2\/types\/post"}],"author":[{"embeddable":true,"href":"https:\/\/encuentroinformativo.com.mx\/index.php?rest_route=\/wp\/v2\/users\/1"}],"replies":[{"embeddable":true,"href":"https:\/\/encuentroinformativo.com.mx\/index.php?rest_route=%2Fwp%2Fv2%2Fcomments&post=29153"}],"version-history":[{"count":1,"href":"https:\/\/encuentroinformativo.com.mx\/index.php?rest_route=\/wp\/v2\/posts\/29153\/revisions"}],"predecessor-version":[{"id":29155,"href":"https:\/\/encuentroinformativo.com.mx\/index.php?rest_route=\/wp\/v2\/posts\/29153\/revisions\/29155"}],"wp:featuredmedia":[{"embeddable":true,"href":"https:\/\/encuentroinformativo.com.mx\/index.php?rest_route=\/wp\/v2\/media\/29154"}],"wp:attachment":[{"href":"https:\/\/encuentroinformativo.com.mx\/index.php?rest_route=%2Fwp%2Fv2%2Fmedia&parent=29153"}],"wp:term":[{"taxonomy":"category","embeddable":true,"href":"https:\/\/encuentroinformativo.com.mx\/index.php?rest_route=%2Fwp%2Fv2%2Fcategories&post=29153"},{"taxonomy":"post_tag","embeddable":true,"href":"https:\/\/encuentroinformativo.com.mx\/index.php?rest_route=%2Fwp%2Fv2%2Ftags&post=29153"}],"curies":[{"name":"wp","href":"https:\/\/api.w.org\/{rel}","templated":true}]}}