{"id":29156,"date":"2022-07-07T21:16:31","date_gmt":"2022-07-08T02:16:31","guid":{"rendered":"https:\/\/encuentroinformativo.com.mx\/?p=29156"},"modified":"2022-07-07T21:16:35","modified_gmt":"2022-07-08T02:16:35","slug":"trabajamos-por-una-ciudad-de-primer-nivel-alcalde-jm-unanue","status":"publish","type":"post","link":"https:\/\/encuentroinformativo.com.mx\/?p=29156","title":{"rendered":"Trabajamos por una ciudad de primer nivel: Alcalde JM Un\u00e1nue"},"content":{"rendered":"\n<p><strong>*<em>Este jueves se dio el banderazo al reforzamiento del Programa Permanente de Bacheo en La Tampiquera<\/em>.<\/strong><\/p>\n\n\n\n<p>Boca del R\u00edo, Ver.- \u201cEn Boca el trabajo se nota\u201d, por ello, este jueves se dio el banderazo al reforzamiento del Programa Permanente de Bacheo, mismo que llegar\u00e1 a todas las colonias y fraccionamientos del municipio.<\/p>\n\n\n\n<p>Con la implementaci\u00f3n de este programa, se beneficiar\u00e1 a la ciudadan\u00eda de Boca del R\u00edo, as\u00ed como a los usuarios de toda la zona conurbada que diariamente usan nuestras calles, \u201cy solo es el comienzo\u201d, dijo la primera autoridad de la ciudad.<\/p>\n\n\n\n<p>El Presidente Municipal, Juan Manuel Un\u00e1nue Abascal, quien fue acompa\u00f1ado por habitantes de la zona, inform\u00f3 que se contempla una inversi\u00f3n superior a los 4.5 millones de pesos, como parte del Programa Permanente de Bacheo.<\/p>\n\n\n\n<p>En la avenida Paseo Boca del R\u00edo, fue donde las cuadrillas refrendaron su compromiso de trabajo con la ciudadan\u00eda, teniendo, adem\u00e1s, presencia en distintos puntos del municipio.<\/p>\n\n\n\n<p>\u201cAunque hemos avanzado en posicionarnos como la mejor ciudad de Veracruz, lo cierto es que tenemos un compromiso de redoblar esfuerzos por parte de este gobierno municipal, para lograr que la rehabilitaci\u00f3n de calles y avenidas, impulsan el mejoramiento integral y permanente de nuestra ciudad\u201d.<\/p>\n\n\n\n<p>A trav\u00e9s de la direcci\u00f3n de Planeaci\u00f3n Urbana y Obras P\u00fablicas, en conjunto con Mantenimiento Urbano, se atienden calles y avenidas, identific\u00e1ndose las arterias m\u00e1s desgastadas, mismas que son atendidas de manera urgente.<\/p>\n\n\n\n<p>\u201cDesde el primer d\u00eda de mi gobierno, trabajamos en la mejora de espacios p\u00fablicos, andadores, calles, avenidas y bulevares, para que los boque\u00f1os vuelvan a tener una ciudad de primer nivel, con calles libres de baches y limpias, mejorando as\u00ed la calidad de vida de todos los ciudadanos\u201d, apunt\u00f3 Un\u00e1nue Abascal.<\/p>\n\n\n\n<p>Por ello, en esta etapa de trabajos, se utilizar\u00e1n aproximadamente 14 mil metros cuadrados de mezcla asf\u00e1ltica. Obras que forman parte del Programa General de Inversi\u00f3n 2022.<\/p>\n\n\n\n<p>Recalc\u00f3 el Alcalde, que dignificar las calles del municipio, fue uno de los compromisos que hizo con los boque\u00f1os y que refrend\u00f3 el d\u00eda que tom\u00f3 protesta como presidente municipal.<\/p>\n\n\n\n<p>\u201cEl objetivo de este gobierno es lograr con acciones como esta, para que todas las personas puedan disfrutar de Boca del R\u00edo mejores servicios p\u00fablicos, independientemente de donde vivan o por donde transiten, en Boca el trabajo se nota y solo es el comienzo\u201d.<\/p>\n\n\n\n<p>Asimismo, destac\u00f3 que las cuadrillas trabajar\u00e1n con equipo de seguridad y maquinaria necesaria, as\u00ed como con anuncios y se\u00f1al\u00e9ticas correspondientes, a fin de que los usuarios tengan conocimiento de sus labores y a su vez, tomen rutas alternas durante su horario de trabajo.<\/p>\n\n\n\n<figure class=\"wp-block-image size-large\"><img loading=\"lazy\" decoding=\"async\" width=\"1024\" height=\"683\" src=\"https:\/\/encuentroinformativo.com.mx\/wp-content\/uploads\/2022\/07\/69B52FA8-F5F4-4A66-9036-7688C7937AB0.jpeg\" alt=\"\" class=\"wp-image-29158\" srcset=\"https:\/\/encuentroinformativo.com.mx\/wp-content\/uploads\/2022\/07\/69B52FA8-F5F4-4A66-9036-7688C7937AB0.jpeg 1024w, https:\/\/encuentroinformativo.com.mx\/wp-content\/uploads\/2022\/07\/69B52FA8-F5F4-4A66-9036-7688C7937AB0-300x200.jpeg 300w, https:\/\/encuentroinformativo.com.mx\/wp-content\/uploads\/2022\/07\/69B52FA8-F5F4-4A66-9036-7688C7937AB0-768x512.jpeg 768w\" sizes=\"auto, (max-width: 1024px) 100vw, 1024px\" \/><\/figure>\n","protected":false},"excerpt":{"rendered":"<p>*Este jueves se dio el banderazo al reforzamiento del Programa Permanente de Bacheo en La Tampiquera. Boca del R\u00edo, Ver.- \u201cEn Boca el trabajo se nota\u201d, por ello, este jueves se dio el banderazo al reforzamiento del Programa Permanente de Bacheo, mismo que llegar\u00e1 a todas las colonias y fraccionamientos del municipio. Con la implementaci\u00f3n [&hellip;]<\/p>\n","protected":false},"author":1,"featured_media":29157,"comment_status":"open","ping_status":"open","sticky":false,"template":"","format":"standard","meta":{"_jetpack_memberships_contains_paid_content":false,"footnotes":""},"categories":[2],"tags":[],"class_list":["post-29156","post","type-post","status-publish","format-standard","has-post-thumbnail","hentry","category-estado"],"jetpack_featured_media_url":"https:\/\/encuentroinformativo.com.mx\/wp-content\/uploads\/2022\/07\/76A86E8A-A726-4710-8580-B159F98FF916.jpeg","jetpack_sharing_enabled":true,"jetpack_likes_enabled":true,"amp_enabled":true,"_links":{"self":[{"href":"https:\/\/encuentroinformativo.com.mx\/index.php?rest_route=\/wp\/v2\/posts\/29156","targetHints":{"allow":["GET"]}}],"collection":[{"href":"https:\/\/encuentroinformativo.com.mx\/index.php?rest_route=\/wp\/v2\/posts"}],"about":[{"href":"https:\/\/encuentroinformativo.com.mx\/index.php?rest_route=\/wp\/v2\/types\/post"}],"author":[{"embeddable":true,"href":"https:\/\/encuentroinformativo.com.mx\/index.php?rest_route=\/wp\/v2\/users\/1"}],"replies":[{"embeddable":true,"href":"https:\/\/encuentroinformativo.com.mx\/index.php?rest_route=%2Fwp%2Fv2%2Fcomments&post=29156"}],"version-history":[{"count":1,"href":"https:\/\/encuentroinformativo.com.mx\/index.php?rest_route=\/wp\/v2\/posts\/29156\/revisions"}],"predecessor-version":[{"id":29159,"href":"https:\/\/encuentroinformativo.com.mx\/index.php?rest_route=\/wp\/v2\/posts\/29156\/revisions\/29159"}],"wp:featuredmedia":[{"embeddable":true,"href":"https:\/\/encuentroinformativo.com.mx\/index.php?rest_route=\/wp\/v2\/media\/29157"}],"wp:attachment":[{"href":"https:\/\/encuentroinformativo.com.mx\/index.php?rest_route=%2Fwp%2Fv2%2Fmedia&parent=29156"}],"wp:term":[{"taxonomy":"category","embeddable":true,"href":"https:\/\/encuentroinformativo.com.mx\/index.php?rest_route=%2Fwp%2Fv2%2Fcategories&post=29156"},{"taxonomy":"post_tag","embeddable":true,"href":"https:\/\/encuentroinformativo.com.mx\/index.php?rest_route=%2Fwp%2Fv2%2Ftags&post=29156"}],"curies":[{"name":"wp","href":"https:\/\/api.w.org\/{rel}","templated":true}]}}