{"id":29160,"date":"2022-07-08T09:39:42","date_gmt":"2022-07-08T14:39:42","guid":{"rendered":"https:\/\/encuentroinformativo.com.mx\/?p=29160"},"modified":"2022-07-08T09:39:46","modified_gmt":"2022-07-08T14:39:46","slug":"pena-y-alito","status":"publish","type":"post","link":"https:\/\/encuentroinformativo.com.mx\/?p=29160","title":{"rendered":"Pe\u00f1a y Alito"},"content":{"rendered":"\n<p><strong>Los Pol\u00edticos<\/strong>\u00a0<\/p>\n\n\n\n<p><strong>Salvador Mu\u00f1oz<\/strong><\/p>\n\n\n\n<p>Con la derrota del 2018, si no es que antes, el liderazgo que representaba Enrique Pe\u00f1a Nieto dentro de las filas del PRI, cay\u00f3 tambi\u00e9n.<\/p>\n\n\n\n<p>Me refiero al \u201cLiderazgo de Pe\u00f1a Nieto\u201d por el cargo que ten\u00eda como hoy lo ejerce AMLO con los morenos en el pa\u00eds siendo presidente, sin que haya lugar a un \u201cpr\u00e9stamo\u201d a gobernadores, porque \u00e9stos no son vistos como \u201cel Primer Moreno del estado\u201d como s\u00ed se ve\u00eda en los pri\u00edstas\u2026 el Poder no se presta, el Poder se ejerce.<\/p>\n\n\n\n<p>El PRI primero busc\u00f3 en sus gobernadores ese liderazgo perdido en el Altiplano creando virreinatos; pero ante la cascada de derrotas, el liderazgo acab\u00f3 en el partido con Alejandro Moreno C\u00e1rdenas, en 2019.<\/p>\n\n\n\n<p>Si bien su estrategia desde la percepci\u00f3n ciudadana es a\u00fan cuestionada porque sigue sin concebirse el porqu\u00e9 dejar la Gubernatura de Campeche para buscar la dirigencia del partido, alguna raz\u00f3n poderosa debi\u00f3 tener para que as\u00ed lo hiciera\u2026<\/p>\n\n\n\n<p>Los idealistas pensar\u00e1n que busc\u00f3 levantar el esp\u00edritu de una militancia sumamente golpeada, lastimada, traqueteada por los resultados adversos que desde el 2016 se vinieron de golpe hasta estos nuestros d\u00edas aun con la dirigencia del \u201csacrificado\u201d Alito\u2026<\/p>\n\n\n\n<p>Los \u201ccontreras\u201d quiz\u00e1s previeron que la estrategia de Alito era ganar a como diera lugar la dirigencia y as\u00ed entonces asegurar en su futuro inmediato un socorrido \u201cfuero\u201d y a la vez tener juego en ambas bandas (en t\u00e9rminos de soccer, no de hampa): tener voz y voto en el partido, y tener voz y voto en el Congreso de la Uni\u00f3n\u2026<\/p>\n\n\n\n<p>Como sea\u2026<\/p>\n\n\n\n<p>Hoy, las dos figuras m\u00e1s representativas del PRI en el presente reciente est\u00e1n en la mira de la percepci\u00f3n social\u2026 y de las autoridades judiciales.<\/p>\n\n\n\n<p>Hay que ser francos. Si el PRI sufre los embates de los se\u00f1alamientos, de las acusaciones, de los anatemas, ninguno de \u00e9stos ha sido de a gratis.<\/p>\n\n\n\n<p>El ejercicio del Poder se fue deteriorando y no me hablen de los tiempos de Javier Duarte, no\u2026 bien podemos acudir a la Historia y recordar a Miguel Alem\u00e1n y sus 40 Ladrones para entender desde aquellos a\u00f1os, que a la Pol\u00edtica ya le hab\u00edan dado una concepci\u00f3n singular para quien incursionaba en el partidazo: asegurar su futuro\u2026 econ\u00f3mico.<\/p>\n\n\n\n<p>Por cierto, de Javier Duarte de Ochoa nadie me quita la idea de que s\u00f3lo es la punta de un iceberg, la pieza sacrificable de un poder que busc\u00f3 a toda costa defender no a un Presidente, sino a un Grupo en el Sistema (como la Matrix)&#8230;<\/p>\n\n\n\n<p>Ahora, entonces, hay que preguntarse cu\u00e1l es el inter\u00e9s del Sistema en el Poder en meter la puya v\u00eda la Unidad de Inteligencia Financiera; y la pulla, v\u00eda Layda Sansores, a estos emblemas del PRI contempor\u00e1neo\u2026 \u00bfDesacreditarlo? No, lamentablemente y han de disculpar mis amigos pri\u00edstas, el Partido ya lo est\u00e1\u2026 \u00bfDebilitar ante la percepci\u00f3n ciudadana una posible alianza PAN-PRI-PRD para el 2023? Todav\u00eda se las creo\u2026 \u00bfBarbechar el campo del Estado de M\u00e9xico? M\u00e1s factible, porque de esas tierras es el ex presidente Enrique Pe\u00f1a Nieto\u2026<\/p>\n\n\n\n<p>El Gobierno tiene la sart\u00e9n por el mango\u2026 Dijeran The Rolling Stone: \u00a1Time is on mi side! Es decir, el tiempo est\u00e1 de su lado\u2026 con toda la calma del mundo hay lugar para hacer de Alito y de Pe\u00f1a Nieto los villanos del pa\u00eds y del Estado de M\u00e9xico\u2026 as\u00ed, igualito como se le hizo en su momento a Javier Duarte de Ochoa\u2026 as\u00ed como se le hizo en su momento a Carlos Salinas de Gortari\u2026 con raz\u00f3n o con mucha raz\u00f3n\u2026<\/p>\n\n\n\n<p>S\u00ed se dan cuenta\u2026 los mayores Chupacabras del Pa\u00eds siguen siendo sin duda los pri\u00edstas, muy por encima de un Se\u00f1or de las Ligas o hasta de un P\u00edo con sus sobres o un Jos\u00e9 Ram\u00f3n con su mansi\u00f3n\u2026 son los privilegios del Poder que pueden hacer de tus deslices, la an\u00e9cdota que recordar o el proceso que iniciar\u2026<\/p>\n\n\n\n<p><a href=\"mailto:smcainito@gmail.com\" target=\"_blank\" rel=\"noreferrer noopener\">smcainito@gmail.com<\/a><\/p>\n","protected":false},"excerpt":{"rendered":"<p>Los Pol\u00edticos\u00a0 Salvador Mu\u00f1oz Con la derrota del 2018, si no es que antes, el liderazgo que representaba Enrique Pe\u00f1a Nieto dentro de las filas del PRI, cay\u00f3 tambi\u00e9n. Me refiero al \u201cLiderazgo de Pe\u00f1a Nieto\u201d por el cargo que ten\u00eda como hoy lo ejerce AMLO con los morenos en el pa\u00eds siendo presidente, sin [&hellip;]<\/p>\n","protected":false},"author":1,"featured_media":387,"comment_status":"open","ping_status":"open","sticky":false,"template":"","format":"standard","meta":{"_jetpack_memberships_contains_paid_content":false,"footnotes":""},"categories":[11],"tags":[],"class_list":["post-29160","post","type-post","status-publish","format-standard","has-post-thumbnail","hentry","category-opinion"],"jetpack_featured_media_url":"https:\/\/encuentroinformativo.com.mx\/wp-content\/uploads\/2020\/03\/7CF8A22B-2764-47BE-8F7F-38FE9E5D6A2F.jpeg","jetpack_sharing_enabled":true,"jetpack_likes_enabled":true,"amp_enabled":true,"_links":{"self":[{"href":"https:\/\/encuentroinformativo.com.mx\/index.php?rest_route=\/wp\/v2\/posts\/29160","targetHints":{"allow":["GET"]}}],"collection":[{"href":"https:\/\/encuentroinformativo.com.mx\/index.php?rest_route=\/wp\/v2\/posts"}],"about":[{"href":"https:\/\/encuentroinformativo.com.mx\/index.php?rest_route=\/wp\/v2\/types\/post"}],"author":[{"embeddable":true,"href":"https:\/\/encuentroinformativo.com.mx\/index.php?rest_route=\/wp\/v2\/users\/1"}],"replies":[{"embeddable":true,"href":"https:\/\/encuentroinformativo.com.mx\/index.php?rest_route=%2Fwp%2Fv2%2Fcomments&post=29160"}],"version-history":[{"count":1,"href":"https:\/\/encuentroinformativo.com.mx\/index.php?rest_route=\/wp\/v2\/posts\/29160\/revisions"}],"predecessor-version":[{"id":29161,"href":"https:\/\/encuentroinformativo.com.mx\/index.php?rest_route=\/wp\/v2\/posts\/29160\/revisions\/29161"}],"wp:featuredmedia":[{"embeddable":true,"href":"https:\/\/encuentroinformativo.com.mx\/index.php?rest_route=\/wp\/v2\/media\/387"}],"wp:attachment":[{"href":"https:\/\/encuentroinformativo.com.mx\/index.php?rest_route=%2Fwp%2Fv2%2Fmedia&parent=29160"}],"wp:term":[{"taxonomy":"category","embeddable":true,"href":"https:\/\/encuentroinformativo.com.mx\/index.php?rest_route=%2Fwp%2Fv2%2Fcategories&post=29160"},{"taxonomy":"post_tag","embeddable":true,"href":"https:\/\/encuentroinformativo.com.mx\/index.php?rest_route=%2Fwp%2Fv2%2Ftags&post=29160"}],"curies":[{"name":"wp","href":"https:\/\/api.w.org\/{rel}","templated":true}]}}