{"id":29165,"date":"2022-07-08T11:01:34","date_gmt":"2022-07-08T16:01:34","guid":{"rendered":"https:\/\/encuentroinformativo.com.mx\/?p=29165"},"modified":"2022-07-08T11:03:46","modified_gmt":"2022-07-08T16:03:46","slug":"regresa-mon-laferte-veracruz","status":"publish","type":"post","link":"https:\/\/encuentroinformativo.com.mx\/?p=29165","title":{"rendered":"Regresa Mon Laferte a Veracruz"},"content":{"rendered":"\n<p><strong>Alejandro \u00c1vila<\/strong><\/p>\n\n\n\n<p>Boca del R\u00edo, Ver.- Tres largos a\u00f1os tuvieron que pasar para que los fan\u00e1ticos de Norma Monserrat Bustamante Laferte la pudieran ver nuevamente en un escenario de la zona conurbada Veracruz &#8211; Boca del R\u00edo.<\/p>\n\n\n\n<p>Aquel emotivo concierto del 25 de mayo del 2019 hoy se lee lejano, pero qued\u00f3 plasmado como uno de los m\u00e1ximos referentes de recitales en Veracruz, pues Mon Laferte le dedic\u00f3 su show a Guadalupe, una veracruzana fan\u00e1tica suya reci\u00e9n fallecida.<\/p>\n\n\n\n<p>En aquella ocasi\u00f3n los padres de Guadalupe acudieron al auditorio &#8220;Benito Juarez&#8221; en Veracruz, para entregarle a la chilena una carta de Guadalupe, d\u00f3nde narraba c\u00f3mo tuvo que renunciar a su trabajo para poder viajar a la Ciudad de M\u00e9xico a presenciar un concierto suyo, d\u00edas m\u00e1s tarde, Guadalupe perdi\u00f3 la vida.<\/p>\n\n\n\n<p>Veracruz es una tierra conocida para la chilena, pues a su llegada a M\u00e9xico, hace poco m\u00e1s de 15 a\u00f1os, fue uno de los primeros sitios donde tuvo presentaciones, espec\u00edficamente en el ic\u00f3nico bar &#8220;La Casona&#8221;.<\/p>\n\n\n\n<p>Mon Laferte se presentar\u00e1 este s\u00e1bado 9 de julio en el World Trade Center de Boca del R\u00edo a las 21 horas.<\/p>\n\n\n\n<p>La creadora del \u00e9xito \u201cTu falta de querer\u201d, regresa a M\u00e9xico tras realizar conciertos en Centro y Sudam\u00e9rica, as\u00ed como en toda la Uni\u00f3n Americana.<\/p>\n\n\n\n<p>Boletos:&nbsp;www.eticket.mx<\/p>\n\n\n\n<p>Costos:<\/p>\n\n\n\n<p>VIP Central: $ 1,735.00<\/p>\n\n\n\n<p>VIP Lateral: $1,560.00<\/p>\n\n\n\n<p>Oro Central: $1,390.00<\/p>\n\n\n\n<p>Oro Lateral: $1,215.00<\/p>\n\n\n\n<p>Plata Central: $925.00<\/p>\n\n\n\n<p>Plata Lateral: $580.00<\/p>\n","protected":false},"excerpt":{"rendered":"<p>Alejandro \u00c1vila Boca del R\u00edo, Ver.- Tres largos a\u00f1os tuvieron que pasar para que los fan\u00e1ticos de Norma Monserrat Bustamante Laferte la pudieran ver nuevamente en un escenario de la zona conurbada Veracruz &#8211; Boca del R\u00edo. Aquel emotivo concierto del 25 de mayo del 2019 hoy se lee lejano, pero qued\u00f3 plasmado como uno [&hellip;]<\/p>\n","protected":false},"author":1,"featured_media":29166,"comment_status":"open","ping_status":"open","sticky":false,"template":"","format":"standard","meta":{"_jetpack_memberships_contains_paid_content":false,"footnotes":""},"categories":[2],"tags":[],"class_list":["post-29165","post","type-post","status-publish","format-standard","has-post-thumbnail","hentry","category-estado"],"jetpack_featured_media_url":"https:\/\/encuentroinformativo.com.mx\/wp-content\/uploads\/2022\/07\/B81558BD-4392-439B-91E2-EAB9D0C7221A.jpeg","jetpack_sharing_enabled":true,"jetpack_likes_enabled":true,"amp_enabled":true,"_links":{"self":[{"href":"https:\/\/encuentroinformativo.com.mx\/index.php?rest_route=\/wp\/v2\/posts\/29165","targetHints":{"allow":["GET"]}}],"collection":[{"href":"https:\/\/encuentroinformativo.com.mx\/index.php?rest_route=\/wp\/v2\/posts"}],"about":[{"href":"https:\/\/encuentroinformativo.com.mx\/index.php?rest_route=\/wp\/v2\/types\/post"}],"author":[{"embeddable":true,"href":"https:\/\/encuentroinformativo.com.mx\/index.php?rest_route=\/wp\/v2\/users\/1"}],"replies":[{"embeddable":true,"href":"https:\/\/encuentroinformativo.com.mx\/index.php?rest_route=%2Fwp%2Fv2%2Fcomments&post=29165"}],"version-history":[{"count":2,"href":"https:\/\/encuentroinformativo.com.mx\/index.php?rest_route=\/wp\/v2\/posts\/29165\/revisions"}],"predecessor-version":[{"id":29168,"href":"https:\/\/encuentroinformativo.com.mx\/index.php?rest_route=\/wp\/v2\/posts\/29165\/revisions\/29168"}],"wp:featuredmedia":[{"embeddable":true,"href":"https:\/\/encuentroinformativo.com.mx\/index.php?rest_route=\/wp\/v2\/media\/29166"}],"wp:attachment":[{"href":"https:\/\/encuentroinformativo.com.mx\/index.php?rest_route=%2Fwp%2Fv2%2Fmedia&parent=29165"}],"wp:term":[{"taxonomy":"category","embeddable":true,"href":"https:\/\/encuentroinformativo.com.mx\/index.php?rest_route=%2Fwp%2Fv2%2Fcategories&post=29165"},{"taxonomy":"post_tag","embeddable":true,"href":"https:\/\/encuentroinformativo.com.mx\/index.php?rest_route=%2Fwp%2Fv2%2Ftags&post=29165"}],"curies":[{"name":"wp","href":"https:\/\/api.w.org\/{rel}","templated":true}]}}