{"id":29169,"date":"2022-07-08T11:11:46","date_gmt":"2022-07-08T16:11:46","guid":{"rendered":"https:\/\/encuentroinformativo.com.mx\/?p=29169"},"modified":"2022-07-08T11:11:52","modified_gmt":"2022-07-08T16:11:52","slug":"presupuesto-historico-para-rehabilitar-wtc-sectur","status":"publish","type":"post","link":"https:\/\/encuentroinformativo.com.mx\/?p=29169","title":{"rendered":"Presupuesto hist\u00f3rico para rehabilitar WTC: SECTUR"},"content":{"rendered":"\n<p><strong>Alejandro \u00c1vila<\/strong><\/p>\n\n\n\n<p>Boca del R\u00edo, Ver.- En pr\u00f3ximas fechas se anunciara una inversi\u00f3n millonaria para la remodelaci\u00f3n del World Trade Center de Boca del R\u00edo, asegur\u00f3 el secretario de Turismo, Iv\u00e1n Francisco Mart\u00ednez Olvera.<\/p>\n\n\n\n<p>El funcionario estatal dijo que, desde hace 22 a\u00f1os no se le hac\u00eda una rehabilitaci\u00f3n de &#8220;alto calado&#8221;; motivo por el cual desde inicios del mes de junio se comenz\u00f3 con la supervisi\u00f3n de la infraestructura, para conocer a detalle las zonas donde se har\u00e1 la inversi\u00f3n.<\/p>\n\n\n\n<p>&#8220;Va a ser una inversi\u00f3n millonaria, lo anunciaremos ya a detalle, lo que les puedo anticipar ahorita es eso, que s\u00ed viene una intervenci\u00f3n mayor, una intervenci\u00f3n significativa a World Trade Center, por qu\u00e9 es un icono del turismo de congresos y convenciones, de este segmento especializado que nos genera mucha derrama econ\u00f3mica, y por eso es que le vamos a invertir de manera significativa&#8221;, apunt\u00f3.<\/p>\n\n\n\n<p>Mart\u00ednez Olvera reconoci\u00f3 que, el aire acondicionado es una de las quejas m\u00e1s constantes, y tambi\u00e9n ser\u00e1 una de las prioridades a mejorar; de la misma manera se supervisar\u00e1 el techo y el resto de la infraestructura, pues por falta de mantenimiento se ha ido deteriorando con el paso del tiempo.<\/p>\n\n\n\n<p>&#8220;La verdad es que s\u00ed es importante mencionarlo, \u00bfporque digo que es hist\u00f3rico, qu\u00e9 ser\u00e1 hist\u00f3rico en este momento?, ya muy pronto lo anunciaremos, porque ten\u00eda 22 a\u00f1os que no se le daba atenci\u00f3n a estas \u00e1reas que vamos a intervenir de manera significativa&#8221;, subray\u00f3.<\/p>\n\n\n\n<p>El secretario de Turismo se\u00f1al\u00f3 qu\u00e9, de las rentas por los eventos que se realizan al World Trade Center no alcanza para su rehabilitaci\u00f3n por lo que se tendr\u00e1 qu\u00e9 derogar un presupuesto externo por parte de gobierno del estado.<\/p>\n","protected":false},"excerpt":{"rendered":"<p>Alejandro \u00c1vila Boca del R\u00edo, Ver.- En pr\u00f3ximas fechas se anunciara una inversi\u00f3n millonaria para la remodelaci\u00f3n del World Trade Center de Boca del R\u00edo, asegur\u00f3 el secretario de Turismo, Iv\u00e1n Francisco Mart\u00ednez Olvera. El funcionario estatal dijo que, desde hace 22 a\u00f1os no se le hac\u00eda una rehabilitaci\u00f3n de &#8220;alto calado&#8221;; motivo por el [&hellip;]<\/p>\n","protected":false},"author":1,"featured_media":29170,"comment_status":"open","ping_status":"open","sticky":false,"template":"","format":"standard","meta":{"_jetpack_memberships_contains_paid_content":false,"footnotes":""},"categories":[2],"tags":[],"class_list":["post-29169","post","type-post","status-publish","format-standard","has-post-thumbnail","hentry","category-estado"],"jetpack_featured_media_url":"https:\/\/encuentroinformativo.com.mx\/wp-content\/uploads\/2022\/07\/76B08BDB-D48C-4C2F-BFA1-5F4586A0FF08.jpeg","jetpack_sharing_enabled":true,"jetpack_likes_enabled":true,"amp_enabled":true,"_links":{"self":[{"href":"https:\/\/encuentroinformativo.com.mx\/index.php?rest_route=\/wp\/v2\/posts\/29169","targetHints":{"allow":["GET"]}}],"collection":[{"href":"https:\/\/encuentroinformativo.com.mx\/index.php?rest_route=\/wp\/v2\/posts"}],"about":[{"href":"https:\/\/encuentroinformativo.com.mx\/index.php?rest_route=\/wp\/v2\/types\/post"}],"author":[{"embeddable":true,"href":"https:\/\/encuentroinformativo.com.mx\/index.php?rest_route=\/wp\/v2\/users\/1"}],"replies":[{"embeddable":true,"href":"https:\/\/encuentroinformativo.com.mx\/index.php?rest_route=%2Fwp%2Fv2%2Fcomments&post=29169"}],"version-history":[{"count":1,"href":"https:\/\/encuentroinformativo.com.mx\/index.php?rest_route=\/wp\/v2\/posts\/29169\/revisions"}],"predecessor-version":[{"id":29171,"href":"https:\/\/encuentroinformativo.com.mx\/index.php?rest_route=\/wp\/v2\/posts\/29169\/revisions\/29171"}],"wp:featuredmedia":[{"embeddable":true,"href":"https:\/\/encuentroinformativo.com.mx\/index.php?rest_route=\/wp\/v2\/media\/29170"}],"wp:attachment":[{"href":"https:\/\/encuentroinformativo.com.mx\/index.php?rest_route=%2Fwp%2Fv2%2Fmedia&parent=29169"}],"wp:term":[{"taxonomy":"category","embeddable":true,"href":"https:\/\/encuentroinformativo.com.mx\/index.php?rest_route=%2Fwp%2Fv2%2Fcategories&post=29169"},{"taxonomy":"post_tag","embeddable":true,"href":"https:\/\/encuentroinformativo.com.mx\/index.php?rest_route=%2Fwp%2Fv2%2Ftags&post=29169"}],"curies":[{"name":"wp","href":"https:\/\/api.w.org\/{rel}","templated":true}]}}