{"id":2917,"date":"2020-05-29T13:48:40","date_gmt":"2020-05-29T18:48:40","guid":{"rendered":"https:\/\/encuentroinformativo.com\/?p=2917"},"modified":"2020-05-29T13:48:42","modified_gmt":"2020-05-29T18:48:42","slug":"cuestiona-pan-nombramientos-a-modo-en-fiscalias","status":"publish","type":"post","link":"https:\/\/encuentroinformativo.com.mx\/?p=2917","title":{"rendered":"Cuestiona PAN nombramientos \u201ca modo\u201d en fiscal\u00edas"},"content":{"rendered":"\n<p><strong>Juan Arcos <\/strong><\/p>\n\n\n\n<p>Xalapa, Ver.- El Movimiento de Regeneraci\u00f3n Nacional (Morena) sigue realizando nombramientos \u201ca modo\u201d en el gobierno de Veracruz, consider\u00f3 el dirigente estatal del Partido Acci\u00f3n Nacional (PAN), Joaquin Guzm\u00e1n Avil\u00e9s.<\/p>\n\n\n\n<p>A su juicio, el nombramiento de las figuras de Fiscal General del Estado y la Fiscal Especializada en Combate a la Corrupci\u00f3n, Ver\u00f3nica Hern\u00e1ndez Giad\u00e1ns y Clementina Salazar Cruz, respectivamente, corresponde a un intento desesperado de Morena por garantizar su permanencia en el poder.<\/p>\n\n\n\n<p>Se\u00f1al\u00f3 que las personas designadas mantuvieron un nexo directo de subordinaci\u00f3n con el gobierno.<\/p>\n\n\n\n<p>Y es que la nueva Fiscal Anticorrupci\u00f3n, hasta ayer jueves. se desempe\u00f1\u00f3 como Jefa de la Unidad de G\u00e9nero de la Oficina del gobernador, Cuitl\u00e1huac Garc\u00eda Jim\u00e9nez.<\/p>\n\n\n\n<p>\u201cMorena sigue tomando decisiones unilaterales que atentan contra la democracia, buscando acabar con las voces cr\u00edticas, las oposiciones y los contrapesos, encaminadas a favorecer tramposamente su preponderancia en el poder\u201d.<\/p>\n\n\n\n<p>Record\u00f3 que el diputado Federico Salom\u00f3n Molina present\u00f3 una propuesta para reponer el proceso de selecci\u00f3n de Fiscal, que estaba viciado de origen porque la Junta de Coordinaci\u00f3n Pol\u00edtica (Jucopo) se tom\u00f3 atribuciones que no le correspond\u00edan; sin embargo, Morena pas\u00f3 por alto los lineamientos jur\u00eddicos y nombr\u00f3 a dos \u201cFiscales carnalas\u201d.<\/p>\n\n\n\n<p>En ese sentido, lament\u00f3 que Morena no escuche la voz de la ciudadan\u00eda que est\u00e1 cansada de la ineptitud y la corrupci\u00f3n con la que se conducen en los Poderes Ejecutivo y Legislativo.<\/p>\n\n\n\n<p>Guzm\u00e1n Avil\u00e9s asegur\u00f3 que el PAN continuar\u00e1 defendiendo el Estado de Derecho, la democracia, y a la ciudadan\u00eda.<\/p>\n\n\n\n<p><\/p>\n","protected":false},"excerpt":{"rendered":"<p>Juan Arcos Xalapa, Ver.- El Movimiento de Regeneraci\u00f3n Nacional (Morena) sigue realizando nombramientos \u201ca modo\u201d en el gobierno de Veracruz, consider\u00f3 el dirigente estatal del Partido Acci\u00f3n Nacional (PAN), Joaquin Guzm\u00e1n Avil\u00e9s. A su juicio, el nombramiento de las figuras de Fiscal General del Estado y la Fiscal Especializada en Combate a la Corrupci\u00f3n, Ver\u00f3nica [&hellip;]<\/p>\n","protected":false},"author":1,"featured_media":2918,"comment_status":"open","ping_status":"open","sticky":false,"template":"","format":"standard","meta":{"_jetpack_memberships_contains_paid_content":false,"footnotes":""},"categories":[2],"tags":[],"class_list":["post-2917","post","type-post","status-publish","format-standard","has-post-thumbnail","hentry","category-estado"],"jetpack_featured_media_url":"https:\/\/encuentroinformativo.com.mx\/wp-content\/uploads\/2020\/05\/7A431777-E070-4854-89F7-6301596A1405.jpeg","jetpack_sharing_enabled":true,"jetpack_likes_enabled":true,"amp_enabled":true,"_links":{"self":[{"href":"https:\/\/encuentroinformativo.com.mx\/index.php?rest_route=\/wp\/v2\/posts\/2917","targetHints":{"allow":["GET"]}}],"collection":[{"href":"https:\/\/encuentroinformativo.com.mx\/index.php?rest_route=\/wp\/v2\/posts"}],"about":[{"href":"https:\/\/encuentroinformativo.com.mx\/index.php?rest_route=\/wp\/v2\/types\/post"}],"author":[{"embeddable":true,"href":"https:\/\/encuentroinformativo.com.mx\/index.php?rest_route=\/wp\/v2\/users\/1"}],"replies":[{"embeddable":true,"href":"https:\/\/encuentroinformativo.com.mx\/index.php?rest_route=%2Fwp%2Fv2%2Fcomments&post=2917"}],"version-history":[{"count":1,"href":"https:\/\/encuentroinformativo.com.mx\/index.php?rest_route=\/wp\/v2\/posts\/2917\/revisions"}],"predecessor-version":[{"id":2919,"href":"https:\/\/encuentroinformativo.com.mx\/index.php?rest_route=\/wp\/v2\/posts\/2917\/revisions\/2919"}],"wp:featuredmedia":[{"embeddable":true,"href":"https:\/\/encuentroinformativo.com.mx\/index.php?rest_route=\/wp\/v2\/media\/2918"}],"wp:attachment":[{"href":"https:\/\/encuentroinformativo.com.mx\/index.php?rest_route=%2Fwp%2Fv2%2Fmedia&parent=2917"}],"wp:term":[{"taxonomy":"category","embeddable":true,"href":"https:\/\/encuentroinformativo.com.mx\/index.php?rest_route=%2Fwp%2Fv2%2Fcategories&post=2917"},{"taxonomy":"post_tag","embeddable":true,"href":"https:\/\/encuentroinformativo.com.mx\/index.php?rest_route=%2Fwp%2Fv2%2Ftags&post=2917"}],"curies":[{"name":"wp","href":"https:\/\/api.w.org\/{rel}","templated":true}]}}