{"id":29176,"date":"2022-07-08T13:00:07","date_gmt":"2022-07-08T18:00:07","guid":{"rendered":"https:\/\/encuentroinformativo.com.mx\/?p=29176"},"modified":"2022-07-08T13:00:10","modified_gmt":"2022-07-08T18:00:10","slug":"realizan-expoferia-educativa-en-banderilla","status":"publish","type":"post","link":"https:\/\/encuentroinformativo.com.mx\/?p=29176","title":{"rendered":"Realizan Expoferia Educativa en Banderilla"},"content":{"rendered":"\n<p>Banderilla, Ver.- El secretario de educaci\u00f3n de Veracruz, Zenyazen Escobar Garc\u00eda inaugur\u00f3 la Expoferia Educativa en el recinto ferial de Banderilla, acompa\u00f1ado por alcaldes y diputados locales.<\/p>\n\n\n\n<p>Est\u00e1s expoferias van encaminadas a qu\u00e9 estudiantes de secundaria ingresen al bachillerato y j\u00f3venes y adultos continuen sus estudios de preparatoria, licenciatura, ingenier\u00eda o posgrado.<\/p>\n\n\n\n<figure class=\"wp-block-image size-large\"><img loading=\"lazy\" decoding=\"async\" width=\"1024\" height=\"683\" src=\"https:\/\/encuentroinformativo.com.mx\/wp-content\/uploads\/2022\/07\/41E847D2-CFE8-42CC-84A5-184EB1EF8B53-1024x683.jpeg\" alt=\"\" class=\"wp-image-29178\" srcset=\"https:\/\/encuentroinformativo.com.mx\/wp-content\/uploads\/2022\/07\/41E847D2-CFE8-42CC-84A5-184EB1EF8B53-1024x683.jpeg 1024w, https:\/\/encuentroinformativo.com.mx\/wp-content\/uploads\/2022\/07\/41E847D2-CFE8-42CC-84A5-184EB1EF8B53-300x200.jpeg 300w, https:\/\/encuentroinformativo.com.mx\/wp-content\/uploads\/2022\/07\/41E847D2-CFE8-42CC-84A5-184EB1EF8B53-768x512.jpeg 768w, https:\/\/encuentroinformativo.com.mx\/wp-content\/uploads\/2022\/07\/41E847D2-CFE8-42CC-84A5-184EB1EF8B53.jpeg 1488w\" sizes=\"auto, (max-width: 1024px) 100vw, 1024px\" \/><\/figure>\n\n\n\n<figure class=\"wp-block-jetpack-image-compare\"><div class=\"juxtapose\" data-mode=\"horizontal\"><img class=\"image-compare__image-before\"\/><img class=\"image-compare__image-after\"\/><\/div><\/figure>\n","protected":false},"excerpt":{"rendered":"<p>Banderilla, Ver.- El secretario de educaci\u00f3n de Veracruz, Zenyazen Escobar Garc\u00eda inaugur\u00f3 la Expoferia Educativa en el recinto ferial de Banderilla, acompa\u00f1ado por alcaldes y diputados locales. Est\u00e1s expoferias van encaminadas a qu\u00e9 estudiantes de secundaria ingresen al bachillerato y j\u00f3venes y adultos continuen sus estudios de preparatoria, licenciatura, ingenier\u00eda o posgrado.<\/p>\n","protected":false},"author":1,"featured_media":29177,"comment_status":"open","ping_status":"open","sticky":false,"template":"","format":"standard","meta":{"_jetpack_memberships_contains_paid_content":false,"footnotes":""},"categories":[8],"tags":[],"class_list":["post-29176","post","type-post","status-publish","format-standard","has-post-thumbnail","hentry","category-region"],"jetpack_featured_media_url":"https:\/\/encuentroinformativo.com.mx\/wp-content\/uploads\/2022\/07\/54C9D904-DEDC-4FE9-8CF0-5A436BD341C8.jpeg","jetpack_sharing_enabled":true,"jetpack_likes_enabled":true,"amp_enabled":true,"_links":{"self":[{"href":"https:\/\/encuentroinformativo.com.mx\/index.php?rest_route=\/wp\/v2\/posts\/29176","targetHints":{"allow":["GET"]}}],"collection":[{"href":"https:\/\/encuentroinformativo.com.mx\/index.php?rest_route=\/wp\/v2\/posts"}],"about":[{"href":"https:\/\/encuentroinformativo.com.mx\/index.php?rest_route=\/wp\/v2\/types\/post"}],"author":[{"embeddable":true,"href":"https:\/\/encuentroinformativo.com.mx\/index.php?rest_route=\/wp\/v2\/users\/1"}],"replies":[{"embeddable":true,"href":"https:\/\/encuentroinformativo.com.mx\/index.php?rest_route=%2Fwp%2Fv2%2Fcomments&post=29176"}],"version-history":[{"count":1,"href":"https:\/\/encuentroinformativo.com.mx\/index.php?rest_route=\/wp\/v2\/posts\/29176\/revisions"}],"predecessor-version":[{"id":29179,"href":"https:\/\/encuentroinformativo.com.mx\/index.php?rest_route=\/wp\/v2\/posts\/29176\/revisions\/29179"}],"wp:featuredmedia":[{"embeddable":true,"href":"https:\/\/encuentroinformativo.com.mx\/index.php?rest_route=\/wp\/v2\/media\/29177"}],"wp:attachment":[{"href":"https:\/\/encuentroinformativo.com.mx\/index.php?rest_route=%2Fwp%2Fv2%2Fmedia&parent=29176"}],"wp:term":[{"taxonomy":"category","embeddable":true,"href":"https:\/\/encuentroinformativo.com.mx\/index.php?rest_route=%2Fwp%2Fv2%2Fcategories&post=29176"},{"taxonomy":"post_tag","embeddable":true,"href":"https:\/\/encuentroinformativo.com.mx\/index.php?rest_route=%2Fwp%2Fv2%2Ftags&post=29176"}],"curies":[{"name":"wp","href":"https:\/\/api.w.org\/{rel}","templated":true}]}}