{"id":29183,"date":"2022-07-08T13:41:37","date_gmt":"2022-07-08T18:41:37","guid":{"rendered":"https:\/\/encuentroinformativo.com.mx\/?p=29183"},"modified":"2022-07-08T13:41:41","modified_gmt":"2022-07-08T18:41:41","slug":"en-busca-del-sueno-americano-mueren-15-veracruzanos-al-mes","status":"publish","type":"post","link":"https:\/\/encuentroinformativo.com.mx\/?p=29183","title":{"rendered":"En busca del sue\u00f1o americano; mueren 15 veracruzanos al mes"},"content":{"rendered":"\n<p><strong>Juan Arcos <\/strong><\/p>\n\n\n\n<p>Xalapa, Ver.- En promedio, un total de 15 migrantes veracruzanos mueren al mes en su trayecto con destino a Estados Unidos, en pa\u00edses de los distintos continentes del mundo y en otros estados de la Rep\u00fablica Mexicana.<\/p>\n\n\n\n<p>De acuerdo con el director general de Atenci\u00f3n a Migrantes en Veracruz, Carlos Enrique Escalante Igual, la mayor\u00eda fallece en accidentes automovil\u00edsticos.<\/p>\n\n\n\n<p>\u201cPero tambi\u00e9n hay muertes naturales por diabetes, problemas de coraz\u00f3n, donde no metemos mano es cuando se trata de hechos de sangre de delincuencia organizada\u201d, expres\u00f3.<\/p>\n\n\n\n<p>Los traslados de los cuerpos no solamente se realizan de Estados Unidos, sino tambi\u00e9n, de la frontera norte, de ciudades como Mexicali, Tijuana, Ciudad Ju\u00e1rez y Reynosa.<\/p>\n\n\n\n<p>\u201cSon zonas donde hay maquiladoras y hay mucho veracruzano trabajando en esa zona, sufren accidentes o mueren por causas naturales y hacemos los traslados de cuerpos\u201d, agreg\u00f3 Escalante Igual.<\/p>\n\n\n\n<p>Se apoya \u00fanicamente a las familias de escasos recursos para la repatriaci\u00f3n de los fallecidos, pues se realiza un estudio socioecon\u00f3mico.<\/p>\n\n\n\n<p>\u201cSi me dices: oye, estaban esquiando en Aspen, la gente puede hacer el traslado por su cuenta, me explico. Hacemos un estudio socioecon\u00f3mico y damos apoyo a quien lo necesite\u201d.<\/p>\n\n\n\n<p>El traslado m\u00e1s complicado se realiz\u00f3 desde \u00c1frica, hace m\u00e1s de un a\u00f1o, donde un veracruzano laboraba en una plataforma de petr\u00f3leo y muri\u00f3 por causas naturales; sin embargo, hab\u00eda dejado de trabajar en la empresa y \u00e9sta decidi\u00f3 no apoyar a su familia en la repatriaci\u00f3n.<\/p>\n","protected":false},"excerpt":{"rendered":"<p>Juan Arcos Xalapa, Ver.- En promedio, un total de 15 migrantes veracruzanos mueren al mes en su trayecto con destino a Estados Unidos, en pa\u00edses de los distintos continentes del mundo y en otros estados de la Rep\u00fablica Mexicana. De acuerdo con el director general de Atenci\u00f3n a Migrantes en Veracruz, Carlos Enrique Escalante Igual, [&hellip;]<\/p>\n","protected":false},"author":1,"featured_media":29184,"comment_status":"open","ping_status":"open","sticky":false,"template":"","format":"standard","meta":{"_jetpack_memberships_contains_paid_content":false,"footnotes":""},"categories":[2],"tags":[],"class_list":["post-29183","post","type-post","status-publish","format-standard","has-post-thumbnail","hentry","category-estado"],"jetpack_featured_media_url":"https:\/\/encuentroinformativo.com.mx\/wp-content\/uploads\/2022\/07\/1478615D-543B-476B-93F3-B707E3E8E208.jpeg","jetpack_sharing_enabled":true,"jetpack_likes_enabled":true,"amp_enabled":true,"_links":{"self":[{"href":"https:\/\/encuentroinformativo.com.mx\/index.php?rest_route=\/wp\/v2\/posts\/29183","targetHints":{"allow":["GET"]}}],"collection":[{"href":"https:\/\/encuentroinformativo.com.mx\/index.php?rest_route=\/wp\/v2\/posts"}],"about":[{"href":"https:\/\/encuentroinformativo.com.mx\/index.php?rest_route=\/wp\/v2\/types\/post"}],"author":[{"embeddable":true,"href":"https:\/\/encuentroinformativo.com.mx\/index.php?rest_route=\/wp\/v2\/users\/1"}],"replies":[{"embeddable":true,"href":"https:\/\/encuentroinformativo.com.mx\/index.php?rest_route=%2Fwp%2Fv2%2Fcomments&post=29183"}],"version-history":[{"count":1,"href":"https:\/\/encuentroinformativo.com.mx\/index.php?rest_route=\/wp\/v2\/posts\/29183\/revisions"}],"predecessor-version":[{"id":29185,"href":"https:\/\/encuentroinformativo.com.mx\/index.php?rest_route=\/wp\/v2\/posts\/29183\/revisions\/29185"}],"wp:featuredmedia":[{"embeddable":true,"href":"https:\/\/encuentroinformativo.com.mx\/index.php?rest_route=\/wp\/v2\/media\/29184"}],"wp:attachment":[{"href":"https:\/\/encuentroinformativo.com.mx\/index.php?rest_route=%2Fwp%2Fv2%2Fmedia&parent=29183"}],"wp:term":[{"taxonomy":"category","embeddable":true,"href":"https:\/\/encuentroinformativo.com.mx\/index.php?rest_route=%2Fwp%2Fv2%2Fcategories&post=29183"},{"taxonomy":"post_tag","embeddable":true,"href":"https:\/\/encuentroinformativo.com.mx\/index.php?rest_route=%2Fwp%2Fv2%2Ftags&post=29183"}],"curies":[{"name":"wp","href":"https:\/\/api.w.org\/{rel}","templated":true}]}}