{"id":29189,"date":"2022-07-08T20:04:07","date_gmt":"2022-07-09T01:04:07","guid":{"rendered":"https:\/\/encuentroinformativo.com.mx\/?p=29189"},"modified":"2022-07-08T20:04:13","modified_gmt":"2022-07-09T01:04:13","slug":"ejecutan-al-director-del-tecnologico-de-naranjos","status":"publish","type":"post","link":"https:\/\/encuentroinformativo.com.mx\/?p=29189","title":{"rendered":"Ejecutan al director del Tecnol\u00f3gico de Naranjos"},"content":{"rendered":"\n<p><strong>Alejandro \u00c1vila<\/strong><\/p>\n\n\n\n<p>Naranjos, Ver.- La tarde de este viernes se dio a conocer la ejecuci\u00f3n del director del Tecnol\u00f3gico de Naranjos, mismo que se ubica en la colonia Manuel \u00c1vila Camacho del mencionado municipio.<\/p>\n\n\n\n<p>La llamada al n\u00famero de emergencia 911 se dio poco despu\u00e9s de las 14 horas, d\u00f3nde se inform\u00f3 sobre unas detonaciones de arma de fuego cercanas a la instituci\u00f3n educativa, por lo cual los elementos de la Polic\u00eda Municipal activaron el C\u00f3digo Rojo.<\/p>\n\n\n\n<p>Al llegar los elementos de seguridad en compa\u00f1\u00eda de param\u00e9dicos de la Cruz Roja, dieron cuenta con que una persona del sexo masculino se encontraba sin vida al interior de su veh\u00edculo Volkswagen tipo Jetta.<\/p>\n\n\n\n<p>Los primeros reportes indican que se trata del director acad\u00e9mico del Tecnol\u00f3gico de Naranjos, qui\u00e9n respond\u00eda al nombre de Sergio T. y con una edad aproximada de 55 a\u00f1os.<\/p>\n\n\n\n<p>Elementos de la Polic\u00eda Municipal, Fuerza Civil y SEDENA montaron un fuerte operativo para dar con los responsables quienes huyeron a bordo de una moto con rumbo desconocido; hasta el momento se desconoce el motivo de la ejecuci\u00f3n.<\/p>\n","protected":false},"excerpt":{"rendered":"<p>Alejandro \u00c1vila Naranjos, Ver.- La tarde de este viernes se dio a conocer la ejecuci\u00f3n del director del Tecnol\u00f3gico de Naranjos, mismo que se ubica en la colonia Manuel \u00c1vila Camacho del mencionado municipio. La llamada al n\u00famero de emergencia 911 se dio poco despu\u00e9s de las 14 horas, d\u00f3nde se inform\u00f3 sobre unas detonaciones [&hellip;]<\/p>\n","protected":false},"author":1,"featured_media":29190,"comment_status":"open","ping_status":"open","sticky":false,"template":"","format":"standard","meta":{"_jetpack_memberships_contains_paid_content":false,"footnotes":""},"categories":[14],"tags":[],"class_list":["post-29189","post","type-post","status-publish","format-standard","has-post-thumbnail","hentry","category-policiaca"],"jetpack_featured_media_url":"https:\/\/encuentroinformativo.com.mx\/wp-content\/uploads\/2022\/07\/0ECDE5A6-9FDA-4D83-8F8A-C7141CA0780F.jpeg","jetpack_sharing_enabled":true,"jetpack_likes_enabled":true,"amp_enabled":true,"_links":{"self":[{"href":"https:\/\/encuentroinformativo.com.mx\/index.php?rest_route=\/wp\/v2\/posts\/29189","targetHints":{"allow":["GET"]}}],"collection":[{"href":"https:\/\/encuentroinformativo.com.mx\/index.php?rest_route=\/wp\/v2\/posts"}],"about":[{"href":"https:\/\/encuentroinformativo.com.mx\/index.php?rest_route=\/wp\/v2\/types\/post"}],"author":[{"embeddable":true,"href":"https:\/\/encuentroinformativo.com.mx\/index.php?rest_route=\/wp\/v2\/users\/1"}],"replies":[{"embeddable":true,"href":"https:\/\/encuentroinformativo.com.mx\/index.php?rest_route=%2Fwp%2Fv2%2Fcomments&post=29189"}],"version-history":[{"count":1,"href":"https:\/\/encuentroinformativo.com.mx\/index.php?rest_route=\/wp\/v2\/posts\/29189\/revisions"}],"predecessor-version":[{"id":29191,"href":"https:\/\/encuentroinformativo.com.mx\/index.php?rest_route=\/wp\/v2\/posts\/29189\/revisions\/29191"}],"wp:featuredmedia":[{"embeddable":true,"href":"https:\/\/encuentroinformativo.com.mx\/index.php?rest_route=\/wp\/v2\/media\/29190"}],"wp:attachment":[{"href":"https:\/\/encuentroinformativo.com.mx\/index.php?rest_route=%2Fwp%2Fv2%2Fmedia&parent=29189"}],"wp:term":[{"taxonomy":"category","embeddable":true,"href":"https:\/\/encuentroinformativo.com.mx\/index.php?rest_route=%2Fwp%2Fv2%2Fcategories&post=29189"},{"taxonomy":"post_tag","embeddable":true,"href":"https:\/\/encuentroinformativo.com.mx\/index.php?rest_route=%2Fwp%2Fv2%2Ftags&post=29189"}],"curies":[{"name":"wp","href":"https:\/\/api.w.org\/{rel}","templated":true}]}}