{"id":29192,"date":"2022-07-09T11:25:40","date_gmt":"2022-07-09T16:25:40","guid":{"rendered":"https:\/\/encuentroinformativo.com.mx\/?p=29192"},"modified":"2022-07-09T11:25:43","modified_gmt":"2022-07-09T16:25:43","slug":"veracruz-tercero-en-polis-asesinados","status":"publish","type":"post","link":"https:\/\/encuentroinformativo.com.mx\/?p=29192","title":{"rendered":"Veracruz, tercero en Polis Asesinados"},"content":{"rendered":"\n<p><strong>N\u00fameros Rojos<\/strong><\/p>\n\n\n\n<p><strong>Brenda Caballero<\/strong><\/p>\n\n\n\n<p>El patio de la Academia El Lencero fue testigo de una graduaci\u00f3n m\u00e1s. As\u00ed lo inform\u00f3&nbsp; el Secretario de Seguridad P\u00fablica Hugo Guti\u00e9rrez Maldonado quien manej\u00f3 alegres cifras de su dependencia.<\/p>\n\n\n\n<p>Orgulloso presenci\u00f3 la graduaci\u00f3n de 403 elementos, de los cuales anunci\u00f3 que 177 se incorporar\u00e1n a la Fuerza Civil, 176 a la Polic\u00eda Estatal y 50 al C4 que para la necesidad del C4 \u00a1se me hacen demasiados!,&nbsp; ya que hablamos de que la octava parte&nbsp; se incorpora&nbsp; directamente al Centro de Comando, Control, Comunicaci\u00f3n y C\u00f3mputo.<\/p>\n\n\n\n<p>Entendible ser\u00eda si tuvi\u00e9ramos una infraestructura de video-vigilancia similar a la Ciudad de M\u00e9xico, donde se detiene a infractores de la ley a trav\u00e9s del monitoreo y seguimiento de videos pero ac\u00e1 en Veracruz, donde algunas videoc\u00e1maras ni funcionan \u00bfComo para qu\u00e9?&nbsp;<\/p>\n\n\n\n<p>Realmente los ciudadanos necesitamos m\u00e1s polic\u00edas en las calles, pues a pesar de que dicen&nbsp; nuestras autoridades que somos uno de los ocho estados m\u00e1s seguros del pa\u00eds, en realidad los y las de a pie, no nos sentimos as\u00ed. \u00bfUsted se siente seguro o segura actualmente en su municipio?<\/p>\n\n\n\n<p>Basta recorrer las calles y ver pegados los letreros de \u201cVecino Vigilante\u201d y esto es porque la poblaci\u00f3n conf\u00eda m\u00e1s en sus vecinos 71.6 por ciento contra un 34 por ciento que conf\u00eda en los polic\u00edas de acuerdo a los Datos de la Encuesta Nacional de Calidad e Impacto Gubernamental 2019-2021.<\/p>\n\n\n\n<p>De los alegres datos dados a conocer por el Secretario de Seguridad P\u00fablica, celebro el aumento del salario a los polic\u00edas operativos, pues de acuerdo a Don Hugo, del lugar 24, los polic\u00edas veracruzanos pasaron al noveno lugar en salario.<\/p>\n\n\n\n<p>Desde luego que su salario ten\u00eda que mejorar, pues de acuerdo a la Organizaci\u00f3n No Gubernamental Causa en Com\u00fan, Veracruz ocupa el tercer lugar con m\u00e1s polic\u00edas asesinados (17), solamente despu\u00e9s de Guanajuato con 29 y Zacatecas con 28.<\/p>\n\n\n\n<p>Causa en Com\u00fan se\u00f1ala que en lo que va del sexenio, en el pa\u00eds han sido asesinados mil 630 polic\u00edas. Y en lo que va del a\u00f1o al menos han asesinado a 215 polic\u00edas en el pa\u00eds. En promedio 1.13 polic\u00edas asesinados por d\u00eda.<\/p>\n\n\n\n<p>Al revisar la base de datos de Causa en Com\u00fan (<a href=\"https:\/\/causaencomun.org.mx\/beta\/registro-de-policias-asesinados-2022\" target=\"_blank\" rel=\"noreferrer noopener\">https:\/\/causaencomun.org.mx\/beta\/registro-de-policias-asesinados-2022<\/a>) los 17 polic\u00edas asesinados en Veracruz del primero de enero al 8 de julio de 2022, convierten al estado en un foco rojo.&nbsp;<\/p>\n\n\n\n<p>Pero \u00bfcu\u00e1l es el municipio con m\u00e1s polic\u00edas asesinados? De acuerdo a la informaci\u00f3n de Causa en Com\u00fan, el primer lugar es para Omealca y Boca del R\u00edo con 3 polic\u00edas cada uno; le sigue Ixtaczoquitl\u00e1n con 2 polic\u00edas; y con un polic\u00eda asesinado, los municipios de C\u00f3rdoba, Xalapa, Oluta, \u00c1lamo, Tuxpan, Rafael Delgado, Perote, Acayucan y Tres Valles.<\/p>\n\n\n\n<p>Si bien Hugo Guti\u00e9rrez declara que mandar\u00e1 m\u00e1s polic\u00edas a Boca del R\u00edo a petici\u00f3n del alcalde Juan Manuel Unanue para que el municipio est\u00e9 m\u00e1s seguro, bien valdr\u00eda la pena que tambi\u00e9n hiciera lo mismo con Omealca donde han asesinado a dos polic\u00edas estatales y uno municipal.<\/p>\n\n\n\n<p>Tambi\u00e9n deber\u00eda echarle una revisadita a los datos de Causa en Com\u00fan, ya que de los 17 polic\u00edas asesinados en este a\u00f1o, 9 son estatales y 8 considerados municipales.&nbsp;<\/p>\n\n\n\n<p>En las celebraciones siempre salen los datos bonitos, pero \u00bfPor qu\u00e9 somos el tercer lugar en polic\u00edas asesinados en el pa\u00eds cuando somos el octavo estado m\u00e1s seguro? \u00a1Y no salgan con que murieron por nuestra seguridad!<\/p>\n\n\n\n<p>Twiter: @NumerosRojos_BC<\/p>\n\n\n\n<p><a href=\"mailto:caballero_brenda@hotmail.com\" target=\"_blank\" rel=\"noreferrer noopener\">caballero_brenda@hotmail.com<\/a><\/p>\n","protected":false},"excerpt":{"rendered":"<p>N\u00fameros Rojos Brenda Caballero El patio de la Academia El Lencero fue testigo de una graduaci\u00f3n m\u00e1s. As\u00ed lo inform\u00f3&nbsp; el Secretario de Seguridad P\u00fablica Hugo Guti\u00e9rrez Maldonado quien manej\u00f3 alegres cifras de su dependencia. Orgulloso presenci\u00f3 la graduaci\u00f3n de 403 elementos, de los cuales anunci\u00f3 que 177 se incorporar\u00e1n a la Fuerza Civil, 176 [&hellip;]<\/p>\n","protected":false},"author":1,"featured_media":387,"comment_status":"open","ping_status":"open","sticky":false,"template":"","format":"standard","meta":{"_jetpack_memberships_contains_paid_content":false,"footnotes":""},"categories":[11],"tags":[],"class_list":["post-29192","post","type-post","status-publish","format-standard","has-post-thumbnail","hentry","category-opinion"],"jetpack_featured_media_url":"https:\/\/encuentroinformativo.com.mx\/wp-content\/uploads\/2020\/03\/7CF8A22B-2764-47BE-8F7F-38FE9E5D6A2F.jpeg","jetpack_sharing_enabled":true,"jetpack_likes_enabled":true,"amp_enabled":true,"_links":{"self":[{"href":"https:\/\/encuentroinformativo.com.mx\/index.php?rest_route=\/wp\/v2\/posts\/29192","targetHints":{"allow":["GET"]}}],"collection":[{"href":"https:\/\/encuentroinformativo.com.mx\/index.php?rest_route=\/wp\/v2\/posts"}],"about":[{"href":"https:\/\/encuentroinformativo.com.mx\/index.php?rest_route=\/wp\/v2\/types\/post"}],"author":[{"embeddable":true,"href":"https:\/\/encuentroinformativo.com.mx\/index.php?rest_route=\/wp\/v2\/users\/1"}],"replies":[{"embeddable":true,"href":"https:\/\/encuentroinformativo.com.mx\/index.php?rest_route=%2Fwp%2Fv2%2Fcomments&post=29192"}],"version-history":[{"count":1,"href":"https:\/\/encuentroinformativo.com.mx\/index.php?rest_route=\/wp\/v2\/posts\/29192\/revisions"}],"predecessor-version":[{"id":29193,"href":"https:\/\/encuentroinformativo.com.mx\/index.php?rest_route=\/wp\/v2\/posts\/29192\/revisions\/29193"}],"wp:featuredmedia":[{"embeddable":true,"href":"https:\/\/encuentroinformativo.com.mx\/index.php?rest_route=\/wp\/v2\/media\/387"}],"wp:attachment":[{"href":"https:\/\/encuentroinformativo.com.mx\/index.php?rest_route=%2Fwp%2Fv2%2Fmedia&parent=29192"}],"wp:term":[{"taxonomy":"category","embeddable":true,"href":"https:\/\/encuentroinformativo.com.mx\/index.php?rest_route=%2Fwp%2Fv2%2Fcategories&post=29192"},{"taxonomy":"post_tag","embeddable":true,"href":"https:\/\/encuentroinformativo.com.mx\/index.php?rest_route=%2Fwp%2Fv2%2Ftags&post=29192"}],"curies":[{"name":"wp","href":"https:\/\/api.w.org\/{rel}","templated":true}]}}