{"id":29194,"date":"2022-07-09T12:27:13","date_gmt":"2022-07-09T17:27:13","guid":{"rendered":"https:\/\/encuentroinformativo.com.mx\/?p=29194"},"modified":"2022-07-09T12:27:17","modified_gmt":"2022-07-09T17:27:17","slug":"donara-ayuntamiento-porteno-120-mil-pesos-a-criver","status":"publish","type":"post","link":"https:\/\/encuentroinformativo.com.mx\/?p=29194","title":{"rendered":"Donar\u00e1 ayuntamiento porte\u00f1o 120 mil pesos a CRIVER"},"content":{"rendered":"\n<p><strong>Alejandro \u00c1vila<\/strong><\/p>\n\n\n\n<p>Veracruz, Ver.- En sesi\u00f3n de Cabildo celebrada este viernes, el Ayuntamiento de Veracruz por unanimidad de los ediles, acept\u00f3 la donaci\u00f3n de 120 mil pesos al Centro de Rehabilitaci\u00f3n Infantil de Veracruz (CRIVER).<\/p>\n\n\n\n<p>El regidor Daniel Mart\u00edn Lois explic\u00f3 que, durante los \u00faltimos 6 meses del a\u00f1o 2022, el municipio destinar\u00e1 20 mil pesos mensuales a la mencionada instituci\u00f3n infantil.<\/p>\n\n\n\n<p>&#8220;Es un convenio con el cual el Ayuntamiento va a apoyar con 20 mil pesos mensuales para el traslado de los ni\u00f1os al CRIVER, s\u00ed bien nada m\u00e1s va a ser por 6 meses, porque no se pueden hacer convenios que pasen m\u00e1s all\u00e1 del a\u00f1o, pues bueno, son 120 mil pesos, 20 mil pesos, para movilizaci\u00f3n de la gente, para traslado de los ni\u00f1os al CRIVER&#8221;, relat\u00f3 el edil.<\/p>\n\n\n\n<p>El municipio de Veracruz es uno de los que m\u00e1s infantes lleva al CRIVER para Su rehabilitaci\u00f3n; la mayor\u00eda de ellos de familias de escasos recursos.<\/p>\n\n\n\n<p>Todos los interesados en recibir este beneficio deber\u00e1n acudir a las sedes del DIF en el municipio de Veracruz, para poder registrarse y obtener la ayuda.<\/p>\n","protected":false},"excerpt":{"rendered":"<p>Alejandro \u00c1vila Veracruz, Ver.- En sesi\u00f3n de Cabildo celebrada este viernes, el Ayuntamiento de Veracruz por unanimidad de los ediles, acept\u00f3 la donaci\u00f3n de 120 mil pesos al Centro de Rehabilitaci\u00f3n Infantil de Veracruz (CRIVER). El regidor Daniel Mart\u00edn Lois explic\u00f3 que, durante los \u00faltimos 6 meses del a\u00f1o 2022, el municipio destinar\u00e1 20 mil [&hellip;]<\/p>\n","protected":false},"author":1,"featured_media":29195,"comment_status":"open","ping_status":"open","sticky":false,"template":"","format":"standard","meta":{"_jetpack_memberships_contains_paid_content":false,"footnotes":""},"categories":[2],"tags":[],"class_list":["post-29194","post","type-post","status-publish","format-standard","has-post-thumbnail","hentry","category-estado"],"jetpack_featured_media_url":"https:\/\/encuentroinformativo.com.mx\/wp-content\/uploads\/2022\/07\/41463DB0-1E85-4D69-9E6C-1313512108DF.jpeg","jetpack_sharing_enabled":true,"jetpack_likes_enabled":true,"amp_enabled":true,"_links":{"self":[{"href":"https:\/\/encuentroinformativo.com.mx\/index.php?rest_route=\/wp\/v2\/posts\/29194","targetHints":{"allow":["GET"]}}],"collection":[{"href":"https:\/\/encuentroinformativo.com.mx\/index.php?rest_route=\/wp\/v2\/posts"}],"about":[{"href":"https:\/\/encuentroinformativo.com.mx\/index.php?rest_route=\/wp\/v2\/types\/post"}],"author":[{"embeddable":true,"href":"https:\/\/encuentroinformativo.com.mx\/index.php?rest_route=\/wp\/v2\/users\/1"}],"replies":[{"embeddable":true,"href":"https:\/\/encuentroinformativo.com.mx\/index.php?rest_route=%2Fwp%2Fv2%2Fcomments&post=29194"}],"version-history":[{"count":1,"href":"https:\/\/encuentroinformativo.com.mx\/index.php?rest_route=\/wp\/v2\/posts\/29194\/revisions"}],"predecessor-version":[{"id":29196,"href":"https:\/\/encuentroinformativo.com.mx\/index.php?rest_route=\/wp\/v2\/posts\/29194\/revisions\/29196"}],"wp:featuredmedia":[{"embeddable":true,"href":"https:\/\/encuentroinformativo.com.mx\/index.php?rest_route=\/wp\/v2\/media\/29195"}],"wp:attachment":[{"href":"https:\/\/encuentroinformativo.com.mx\/index.php?rest_route=%2Fwp%2Fv2%2Fmedia&parent=29194"}],"wp:term":[{"taxonomy":"category","embeddable":true,"href":"https:\/\/encuentroinformativo.com.mx\/index.php?rest_route=%2Fwp%2Fv2%2Fcategories&post=29194"},{"taxonomy":"post_tag","embeddable":true,"href":"https:\/\/encuentroinformativo.com.mx\/index.php?rest_route=%2Fwp%2Fv2%2Ftags&post=29194"}],"curies":[{"name":"wp","href":"https:\/\/api.w.org\/{rel}","templated":true}]}}