{"id":29200,"date":"2022-07-09T12:38:26","date_gmt":"2022-07-09T17:38:26","guid":{"rendered":"https:\/\/encuentroinformativo.com.mx\/?p=29200"},"modified":"2022-07-09T12:38:31","modified_gmt":"2022-07-09T17:38:31","slug":"por-triple-robo-escuela-de-boca-del-rio-sin-agua-y-luz","status":"publish","type":"post","link":"https:\/\/encuentroinformativo.com.mx\/?p=29200","title":{"rendered":"Por triple robo escuela de Boca del R\u00edo sin agua y luz"},"content":{"rendered":"\n<p><strong>Alejandro \u00c1vila<\/strong><\/p>\n\n\n\n<p>Boca del R\u00edo, Ver.- Debido a un triple robo en las \u00faltimas fechas, la escuela Telesecundaria &#8220;Ej\u00e9rcito Mexicano&#8221; sigue dando clases presenciales, pero sin agua y luz.<\/p>\n\n\n\n<p>Los hurtos llegaron a tal grado de pr\u00e1cticamente saquearla, pues tampoco cuentan con ventanas y protecciones, que se sumaron al robo del cableado el\u00e9ctrico y las tuber\u00edas de agua.<\/p>\n\n\n\n<p>En esta instituci\u00f3n educativa, los alumnos y maestros trabajan en condiciones muy precarias, se\u00f1al\u00f3 la docente de tercer grado, Elvia Patricia Mart\u00ednez Garc\u00eda.<\/p>\n\n\n\n<p>Incluso, dijo a la maestra, tampoco cuentan con la canceler\u00eda en los ba\u00f1os, pues de igual manera fue robada.<\/p>\n\n\n\n<p>Esta situaci\u00f3n afecta tanto a la plantilla de 180 alumnos como maestros, quienes deben trabajar sin aire acondicionado o ventiladores, soportando las altas temperaturas que azotan la zona conurbada.&nbsp;<\/p>\n\n\n\n<p>\u201cAs\u00ed como me ve as\u00ed trabajamos todos los d\u00edas, sudados\u201d, evidenci\u00f3 la maestra.<\/p>\n\n\n\n<p>La docente, se\u00f1al\u00f3 que, si bien las autoridades de Boca del R\u00edo los apoyar\u00e1 con la mano de obra para colocar el cableado para la instalaci\u00f3n el\u00e9ctrica, ellos deben comprar el cableado; sin embargo, la mayor\u00eda de los alumnos son de escasos recursos.<\/p>\n","protected":false},"excerpt":{"rendered":"<p>Alejandro \u00c1vila Boca del R\u00edo, Ver.- Debido a un triple robo en las \u00faltimas fechas, la escuela Telesecundaria &#8220;Ej\u00e9rcito Mexicano&#8221; sigue dando clases presenciales, pero sin agua y luz. Los hurtos llegaron a tal grado de pr\u00e1cticamente saquearla, pues tampoco cuentan con ventanas y protecciones, que se sumaron al robo del cableado el\u00e9ctrico y las [&hellip;]<\/p>\n","protected":false},"author":1,"featured_media":29201,"comment_status":"open","ping_status":"open","sticky":false,"template":"","format":"standard","meta":{"_jetpack_memberships_contains_paid_content":false,"footnotes":""},"categories":[2],"tags":[],"class_list":["post-29200","post","type-post","status-publish","format-standard","has-post-thumbnail","hentry","category-estado"],"jetpack_featured_media_url":"https:\/\/encuentroinformativo.com.mx\/wp-content\/uploads\/2022\/07\/77EFBEAB-17E7-40EF-98C9-228BA67D92AD.jpeg","jetpack_sharing_enabled":true,"jetpack_likes_enabled":true,"amp_enabled":true,"_links":{"self":[{"href":"https:\/\/encuentroinformativo.com.mx\/index.php?rest_route=\/wp\/v2\/posts\/29200","targetHints":{"allow":["GET"]}}],"collection":[{"href":"https:\/\/encuentroinformativo.com.mx\/index.php?rest_route=\/wp\/v2\/posts"}],"about":[{"href":"https:\/\/encuentroinformativo.com.mx\/index.php?rest_route=\/wp\/v2\/types\/post"}],"author":[{"embeddable":true,"href":"https:\/\/encuentroinformativo.com.mx\/index.php?rest_route=\/wp\/v2\/users\/1"}],"replies":[{"embeddable":true,"href":"https:\/\/encuentroinformativo.com.mx\/index.php?rest_route=%2Fwp%2Fv2%2Fcomments&post=29200"}],"version-history":[{"count":1,"href":"https:\/\/encuentroinformativo.com.mx\/index.php?rest_route=\/wp\/v2\/posts\/29200\/revisions"}],"predecessor-version":[{"id":29202,"href":"https:\/\/encuentroinformativo.com.mx\/index.php?rest_route=\/wp\/v2\/posts\/29200\/revisions\/29202"}],"wp:featuredmedia":[{"embeddable":true,"href":"https:\/\/encuentroinformativo.com.mx\/index.php?rest_route=\/wp\/v2\/media\/29201"}],"wp:attachment":[{"href":"https:\/\/encuentroinformativo.com.mx\/index.php?rest_route=%2Fwp%2Fv2%2Fmedia&parent=29200"}],"wp:term":[{"taxonomy":"category","embeddable":true,"href":"https:\/\/encuentroinformativo.com.mx\/index.php?rest_route=%2Fwp%2Fv2%2Fcategories&post=29200"},{"taxonomy":"post_tag","embeddable":true,"href":"https:\/\/encuentroinformativo.com.mx\/index.php?rest_route=%2Fwp%2Fv2%2Ftags&post=29200"}],"curies":[{"name":"wp","href":"https:\/\/api.w.org\/{rel}","templated":true}]}}