{"id":2922,"date":"2020-05-29T14:51:06","date_gmt":"2020-05-29T19:51:06","guid":{"rendered":"https:\/\/encuentroinformativo.com\/?p=2922"},"modified":"2020-05-29T14:51:08","modified_gmt":"2020-05-29T19:51:08","slug":"brindan-evangelicos-voto-de-confianza-a-veronica-hernandez","status":"publish","type":"post","link":"https:\/\/encuentroinformativo.com.mx\/?p=2922","title":{"rendered":"Brindan evang\u00e9licos \u201cvoto de confianza\u201d a Ver\u00f3nica Hern\u00e1ndez"},"content":{"rendered":"\n<p><strong>Dar\u00edo Pale <\/strong><\/p>\n\n\n\n<p>Xalapa, Ver.- Guillermo Trujillo \u00c1lvarez, presidente de la Red Evang\u00e9lica en la entidad, dio a conocer que Veracruz vive un momento hist\u00f3rico con la designaci\u00f3n por vez primera de una mujer como titular de la Fiscal\u00eda General del Estado, por lo que le dan un voto de confianza y esperan que en un a\u00f1o ya tenga buenos resultados.<\/p>\n\n\n\n<p>En conferencia de prensa realizada en conocido caf\u00e9 del centro de Xalapa se\u00f1al\u00f3 que es muy bueno que en un puesto de tal importancia est\u00e9 ahora una mujer y que su trabajo sea por el bien de Veracruz.<\/p>\n\n\n\n<p>Manifest\u00f3 que se sabe muy bien que existen inconformidades por la designaci\u00f3n de Ver\u00f3nica Hern\u00e1ndez Giad\u00e1ns como fiscal general del estado, pero que seguramente tambi\u00e9n existir\u00edan si hubiera sido otra persona la elegida.<\/p>\n\n\n\n<p>\u201cAs\u00ed son las cosas, los diputados hicieran un \u00a0entrevistas de los aspirantes y del an\u00e1lisis de sus perfiles eligieron a la que consideraron que har\u00e1 un buen papel y ahora hay que darle un voto de confianza, m\u00e1xime cuando ella estuvo ya varios meses al frente de la instituci\u00f3n\u201d, coment\u00f3.<\/p>\n\n\n\n<p>Reiter\u00f3 que la Red Evang\u00e9lica de Veracruz otorga un voto de confianza a Ver\u00f3nica Hern\u00e1ndez Giad\u00e1ns y que espera que la deuda de procuraci\u00f3n de justicia que se tiene con los veracruzanos comience a ser saldada.<\/p>\n\n\n\n<p>Guillermo Trujillo refiri\u00f3 que quienes est\u00e9n inconformes con el nombramiento deben presentar su inconformidad en las instancias correspondientes y que ser\u00e1n las instituciones las que se encarguen de hacer las investigaciones correspondientes y otorgar su veredicto.<\/p>\n\n\n\n<p>\u201cNosotros los evang\u00e9licos, le daremos un tiempo a la fiscal general del estado para que d\u00e9 resultados y que su trabajo se desarrolle de manera independiente y aut\u00f3noma que es lo que todos los veracruzanos esperamos\u201d, finaliz\u00f3.<\/p>\n\n\n\n<p><\/p>\n","protected":false},"excerpt":{"rendered":"<p>Dar\u00edo Pale Xalapa, Ver.- Guillermo Trujillo \u00c1lvarez, presidente de la Red Evang\u00e9lica en la entidad, dio a conocer que Veracruz vive un momento hist\u00f3rico con la designaci\u00f3n por vez primera de una mujer como titular de la Fiscal\u00eda General del Estado, por lo que le dan un voto de confianza y esperan que en un [&hellip;]<\/p>\n","protected":false},"author":1,"featured_media":982,"comment_status":"open","ping_status":"open","sticky":false,"template":"","format":"standard","meta":{"_jetpack_memberships_contains_paid_content":false,"footnotes":""},"categories":[2],"tags":[],"class_list":["post-2922","post","type-post","status-publish","format-standard","has-post-thumbnail","hentry","category-estado"],"jetpack_featured_media_url":"https:\/\/encuentroinformativo.com.mx\/wp-content\/uploads\/2020\/03\/5C9706CB-75CF-4324-A9DF-8CF3A38AFD5F.jpeg","jetpack_sharing_enabled":true,"jetpack_likes_enabled":true,"amp_enabled":true,"_links":{"self":[{"href":"https:\/\/encuentroinformativo.com.mx\/index.php?rest_route=\/wp\/v2\/posts\/2922","targetHints":{"allow":["GET"]}}],"collection":[{"href":"https:\/\/encuentroinformativo.com.mx\/index.php?rest_route=\/wp\/v2\/posts"}],"about":[{"href":"https:\/\/encuentroinformativo.com.mx\/index.php?rest_route=\/wp\/v2\/types\/post"}],"author":[{"embeddable":true,"href":"https:\/\/encuentroinformativo.com.mx\/index.php?rest_route=\/wp\/v2\/users\/1"}],"replies":[{"embeddable":true,"href":"https:\/\/encuentroinformativo.com.mx\/index.php?rest_route=%2Fwp%2Fv2%2Fcomments&post=2922"}],"version-history":[{"count":1,"href":"https:\/\/encuentroinformativo.com.mx\/index.php?rest_route=\/wp\/v2\/posts\/2922\/revisions"}],"predecessor-version":[{"id":2923,"href":"https:\/\/encuentroinformativo.com.mx\/index.php?rest_route=\/wp\/v2\/posts\/2922\/revisions\/2923"}],"wp:featuredmedia":[{"embeddable":true,"href":"https:\/\/encuentroinformativo.com.mx\/index.php?rest_route=\/wp\/v2\/media\/982"}],"wp:attachment":[{"href":"https:\/\/encuentroinformativo.com.mx\/index.php?rest_route=%2Fwp%2Fv2%2Fmedia&parent=2922"}],"wp:term":[{"taxonomy":"category","embeddable":true,"href":"https:\/\/encuentroinformativo.com.mx\/index.php?rest_route=%2Fwp%2Fv2%2Fcategories&post=2922"},{"taxonomy":"post_tag","embeddable":true,"href":"https:\/\/encuentroinformativo.com.mx\/index.php?rest_route=%2Fwp%2Fv2%2Ftags&post=2922"}],"curies":[{"name":"wp","href":"https:\/\/api.w.org\/{rel}","templated":true}]}}