{"id":29245,"date":"2022-07-10T13:43:38","date_gmt":"2022-07-10T18:43:38","guid":{"rendered":"https:\/\/encuentroinformativo.com.mx\/?p=29245"},"modified":"2022-07-10T13:43:42","modified_gmt":"2022-07-10T18:43:42","slug":"mon-laferte-reconquista-veracruz","status":"publish","type":"post","link":"https:\/\/encuentroinformativo.com.mx\/?p=29245","title":{"rendered":"Mon Laferte reconquista Veracruz"},"content":{"rendered":"\n<p><strong>Alejandro \u00c1vila<\/strong><\/p>\n\n\n\n<p><strong>Foto:<\/strong><em><em> <\/em><\/em>Juagrito Calder\u00f3n\/Cortes\u00eda<\/p>\n\n\n\n<p>Boca del R\u00edo, Ver.- &#8220;Llegu\u00e9 hace 15 a\u00f1os a M\u00e9xico y el primer lugar donde toqu\u00e9 fue en Veracruz&#8221;, dijo la chilena Mon Laferte a sus fans en el World Trade Center de Boca del R\u00edo la noche de este s\u00e1bado.<\/p>\n\n\n\n<p>La cantautora andina llen\u00f3 el WTC e hizo vibrar a sus seguidores, quienes corearon cada una de sus canciones y las emociones quedaron a flor de piel.<\/p>\n\n\n\n<p>Un show m\u00e1s elaborado, s\u00f3lido, dividido en tres actos, con cambios de vestuario y que recorri\u00f3 varias g\u00e9neros musicales, fue lo que present\u00f3 Norma Monserrat Bustamante Laferte, qui\u00e9n demostr\u00f3 a sus fan\u00e1ticos la madurez musical en la que se encuentra.<\/p>\n\n\n\n<p>Al inicio del acto II, denominado &#8220;Se me Quema el Coraz\u00f3n&#8221;, decenas de fanaticos le regalaron ramos de flores; y ella retribuyo el cari\u00f1o, con una soberbia interpretaci\u00f3n de &#8220;La Vie en Rose&#8221;, melod\u00eda que hiciera famosa a Edith Piaf.<\/p>\n\n\n\n<p>M\u00e1s de 2 horas los asistentes vibraron con &#8220;Amor Violento&#8221;, &#8220;Tormento&#8221;, &#8220;Tu Falta de Querer&#8221;, y el resto de su repertorio musical, para reconquistar c\u00f3mo hace 15 a\u00f1os en &#8220;La Casona&#8221;, su querido Veracruz.<\/p>\n","protected":false},"excerpt":{"rendered":"<p>Alejandro \u00c1vila Foto: Juagrito Calder\u00f3n\/Cortes\u00eda Boca del R\u00edo, Ver.- &#8220;Llegu\u00e9 hace 15 a\u00f1os a M\u00e9xico y el primer lugar donde toqu\u00e9 fue en Veracruz&#8221;, dijo la chilena Mon Laferte a sus fans en el World Trade Center de Boca del R\u00edo la noche de este s\u00e1bado. La cantautora andina llen\u00f3 el WTC e hizo vibrar [&hellip;]<\/p>\n","protected":false},"author":1,"featured_media":29246,"comment_status":"open","ping_status":"open","sticky":false,"template":"","format":"standard","meta":{"_jetpack_memberships_contains_paid_content":false,"footnotes":""},"categories":[2],"tags":[],"class_list":["post-29245","post","type-post","status-publish","format-standard","has-post-thumbnail","hentry","category-estado"],"jetpack_featured_media_url":"https:\/\/encuentroinformativo.com.mx\/wp-content\/uploads\/2022\/07\/27C7A24C-4001-4BE8-A66B-59B6EA969224.jpeg","jetpack_sharing_enabled":true,"jetpack_likes_enabled":true,"amp_enabled":true,"_links":{"self":[{"href":"https:\/\/encuentroinformativo.com.mx\/index.php?rest_route=\/wp\/v2\/posts\/29245","targetHints":{"allow":["GET"]}}],"collection":[{"href":"https:\/\/encuentroinformativo.com.mx\/index.php?rest_route=\/wp\/v2\/posts"}],"about":[{"href":"https:\/\/encuentroinformativo.com.mx\/index.php?rest_route=\/wp\/v2\/types\/post"}],"author":[{"embeddable":true,"href":"https:\/\/encuentroinformativo.com.mx\/index.php?rest_route=\/wp\/v2\/users\/1"}],"replies":[{"embeddable":true,"href":"https:\/\/encuentroinformativo.com.mx\/index.php?rest_route=%2Fwp%2Fv2%2Fcomments&post=29245"}],"version-history":[{"count":1,"href":"https:\/\/encuentroinformativo.com.mx\/index.php?rest_route=\/wp\/v2\/posts\/29245\/revisions"}],"predecessor-version":[{"id":29247,"href":"https:\/\/encuentroinformativo.com.mx\/index.php?rest_route=\/wp\/v2\/posts\/29245\/revisions\/29247"}],"wp:featuredmedia":[{"embeddable":true,"href":"https:\/\/encuentroinformativo.com.mx\/index.php?rest_route=\/wp\/v2\/media\/29246"}],"wp:attachment":[{"href":"https:\/\/encuentroinformativo.com.mx\/index.php?rest_route=%2Fwp%2Fv2%2Fmedia&parent=29245"}],"wp:term":[{"taxonomy":"category","embeddable":true,"href":"https:\/\/encuentroinformativo.com.mx\/index.php?rest_route=%2Fwp%2Fv2%2Fcategories&post=29245"},{"taxonomy":"post_tag","embeddable":true,"href":"https:\/\/encuentroinformativo.com.mx\/index.php?rest_route=%2Fwp%2Fv2%2Ftags&post=29245"}],"curies":[{"name":"wp","href":"https:\/\/api.w.org\/{rel}","templated":true}]}}