{"id":29257,"date":"2022-07-11T12:11:46","date_gmt":"2022-07-11T17:11:46","guid":{"rendered":"https:\/\/encuentroinformativo.com.mx\/?p=29257"},"modified":"2022-07-11T12:11:50","modified_gmt":"2022-07-11T17:11:50","slug":"organizan-autoridades-expo-turismo-veracruz","status":"publish","type":"post","link":"https:\/\/encuentroinformativo.com.mx\/?p=29257","title":{"rendered":"Organizan autoridades Expo Turismo Veracruz"},"content":{"rendered":"\n<p><strong>Dar\u00edo Pale <\/strong><\/p>\n\n\n\n<p>Xalapa, Ver.- Se llevar\u00e1 a cabo la Expo Turismo Veracruz 2022, la cual ser\u00e1 la m\u00e1s importante del pa\u00eds ya que ser\u00e1 la Expo de negocios m\u00e1s importantes de todo el pa\u00eds, as\u00ed lo se\u00f1al\u00f3 el secretario de Turismo, Iv\u00e1n Mart\u00ednez Olvera.<\/p>\n\n\n\n<p>En entrevista dio a conocer que la Expo Turismo Veracruz 2022 se estar\u00e1 dando a conocer en conferencia de prensa para invitar a todo el segmento de negocios de turismo.<\/p>\n\n\n\n<p>Destac\u00f3 que para tal evento se ocupar\u00e1 todo el World Trade Center, interiores y exteriores, ser\u00e1 -asever\u00f3- el evento tur\u00edstico m\u00e1s importante del pa\u00eds en el sector de negocios, despu\u00e9s del Tianguis Tur\u00edstico.<\/p>\n\n\n\n<p>Para dicho evento se esperan alrededor de 300 expositores en el segmento de negocios m\u00e1s gastronom\u00eda y artesan\u00edas.<\/p>\n\n\n\n<p>En otro tema, el Secretario destac\u00f3 que al finalizar el a\u00f1o se habran invertido 55 millones de pesos en promoci\u00f3n tur\u00edstica del Fideicomiso del 2 por ciento al Hospedaje, en coordinaci\u00f3n con la dependencia a su cargo.<\/p>\n\n\n\n<p>Finalmente en ese tema coment\u00f3 que, &#8220;hasta ahorita llevamos 22 millones de pesos invertidos y se espera este a\u00f1o, invertir alrededor de 55 a 56 millones de pesos en promoci\u00f3n tur\u00edstica&#8221;, coment\u00f3.<\/p>\n","protected":false},"excerpt":{"rendered":"<p>Dar\u00edo Pale Xalapa, Ver.- Se llevar\u00e1 a cabo la Expo Turismo Veracruz 2022, la cual ser\u00e1 la m\u00e1s importante del pa\u00eds ya que ser\u00e1 la Expo de negocios m\u00e1s importantes de todo el pa\u00eds, as\u00ed lo se\u00f1al\u00f3 el secretario de Turismo, Iv\u00e1n Mart\u00ednez Olvera. En entrevista dio a conocer que la Expo Turismo Veracruz 2022 [&hellip;]<\/p>\n","protected":false},"author":1,"featured_media":29258,"comment_status":"open","ping_status":"open","sticky":false,"template":"","format":"standard","meta":{"_jetpack_memberships_contains_paid_content":false,"footnotes":""},"categories":[2],"tags":[],"class_list":["post-29257","post","type-post","status-publish","format-standard","has-post-thumbnail","hentry","category-estado"],"jetpack_featured_media_url":"https:\/\/encuentroinformativo.com.mx\/wp-content\/uploads\/2022\/07\/DCFAA662-ACA3-4320-977E-9ACF08ACF24B.jpeg","jetpack_sharing_enabled":true,"jetpack_likes_enabled":true,"amp_enabled":true,"_links":{"self":[{"href":"https:\/\/encuentroinformativo.com.mx\/index.php?rest_route=\/wp\/v2\/posts\/29257","targetHints":{"allow":["GET"]}}],"collection":[{"href":"https:\/\/encuentroinformativo.com.mx\/index.php?rest_route=\/wp\/v2\/posts"}],"about":[{"href":"https:\/\/encuentroinformativo.com.mx\/index.php?rest_route=\/wp\/v2\/types\/post"}],"author":[{"embeddable":true,"href":"https:\/\/encuentroinformativo.com.mx\/index.php?rest_route=\/wp\/v2\/users\/1"}],"replies":[{"embeddable":true,"href":"https:\/\/encuentroinformativo.com.mx\/index.php?rest_route=%2Fwp%2Fv2%2Fcomments&post=29257"}],"version-history":[{"count":1,"href":"https:\/\/encuentroinformativo.com.mx\/index.php?rest_route=\/wp\/v2\/posts\/29257\/revisions"}],"predecessor-version":[{"id":29259,"href":"https:\/\/encuentroinformativo.com.mx\/index.php?rest_route=\/wp\/v2\/posts\/29257\/revisions\/29259"}],"wp:featuredmedia":[{"embeddable":true,"href":"https:\/\/encuentroinformativo.com.mx\/index.php?rest_route=\/wp\/v2\/media\/29258"}],"wp:attachment":[{"href":"https:\/\/encuentroinformativo.com.mx\/index.php?rest_route=%2Fwp%2Fv2%2Fmedia&parent=29257"}],"wp:term":[{"taxonomy":"category","embeddable":true,"href":"https:\/\/encuentroinformativo.com.mx\/index.php?rest_route=%2Fwp%2Fv2%2Fcategories&post=29257"},{"taxonomy":"post_tag","embeddable":true,"href":"https:\/\/encuentroinformativo.com.mx\/index.php?rest_route=%2Fwp%2Fv2%2Ftags&post=29257"}],"curies":[{"name":"wp","href":"https:\/\/api.w.org\/{rel}","templated":true}]}}