{"id":2926,"date":"2020-05-30T10:51:21","date_gmt":"2020-05-30T15:51:21","guid":{"rendered":"https:\/\/encuentroinformativo.com\/?p=2926"},"modified":"2020-05-30T10:51:23","modified_gmt":"2020-05-30T15:51:23","slug":"economia-intubada","status":"publish","type":"post","link":"https:\/\/encuentroinformativo.com.mx\/?p=2926","title":{"rendered":"Econom\u00eda intubada"},"content":{"rendered":"\n<p><strong>N\u00fameros Rojos<\/strong><\/p>\n\n\n\n<p><strong>Brenda Caballero<\/strong><\/p>\n\n\n\n<p>Si en sus manos estuviera decidir, \u00bfqu\u00e9 preferir\u00eda?: \u00bfMiles de muertos o millones de desempleados?<\/p>\n\n\n\n<p>Nuestra sociedad es tan diferente igual que sus opiniones. Habr\u00e1 quienes prefieran ver muertos; otros, ver desempleados; y otros simplemente, no ver nada.<\/p>\n\n\n\n<p>Punto aparte merecen los que en medio de esta pandemia y crisis econ\u00f3mica se dedican a polarizar en lugar de ayudar, o de plano tambi\u00e9n existen personas que despu\u00e9s de 69 d\u00edas, no creen en el virus \u201c\u00a1puro invento del gobierno!\u201d, dicen.<\/p>\n\n\n\n<p>Definitivamente la salud de las personas es importante, pero ya sali\u00f3 Banxico a mostrar un panorama muy gris, entre lo que va del 2020 y 2021 tendremos en el pa\u00eds 1.4 millones de desempleados, \u00bfy la econom\u00eda? Pues tendr\u00e1 un -8.8 por ciento. Cifras negativas econ\u00f3micamente hablando. Pero \u00bfqu\u00e9 podr\u00edamos esperar si en el mundo se esperan 305 millones de desempleados a consecuencia de la pandemia de Covid-19?<\/p>\n\n\n\n<p>Claro que en otros pa\u00edses se ha tratado de blindar la econom\u00eda, por mencionar un ejemplo: en la India se implement\u00f3 un paquete fiscal con recursos adicionales para la infraestructura sanitaria del pa\u00eds, para equipos de protecci\u00f3n, adem\u00e1s de que el gobierno ha otorgado su garant\u00eda a las empresas Pymes para que puedan acceder a cr\u00e9ditos y m\u00e1s fondos de capital para otro tipo de empresas.<\/p>\n\n\n\n<p>\u00bfY en nuestro pa\u00eds? Apenas se les han otorgado cr\u00e9ditos a la palabra a peque\u00f1os y medianos empresarios y otros pr\u00e9stamos directos v\u00eda telef\u00f3nica que no pasan de 25 mil pesos, los cuales generan un inter\u00e9s de acuerdo al n\u00famero de trabajadores que tienen. Es cierto, toda ayuda suma, pero \u00bfpara qu\u00e9 alcanzan 25 mil pesos si tan solo la n\u00f3mina de un trabajador con salario m\u00ednimo mensual m\u00e1s cuotas del seguro social e Infonavit suman casi 5 mil pesos?<\/p>\n\n\n\n<p>Nuestra econom\u00eda est\u00e1 contagiada, muchas empresas intubadas, y ya no abrir\u00e1n sus puertas, porque no saldr\u00e1n de la terapia intensiva. El Covid-19 las mat\u00f3. Y por consecuencia, a los empleos.<\/p>\n\n\n\n<p>Claro que no es un problema exclusivo de M\u00e9xico&#8230; es una recesi\u00f3n econ\u00f3mica mundial, aunque el Secretario General de la OCDE en reciente videoconferencia se\u00f1al\u00f3 que estar\u00e1 m\u00e1s marcada que en otros pa\u00edses.<\/p>\n\n\n\n<p>A\u00fan no pierdo la esperanza de que el Presidente L\u00f3pez Obrador cambie su postura hacia los empresarios, que deje de verlos como enemigos o grandes poseedores de capital. Ante tanto \u201cmuerto\u201d urge una conciliaci\u00f3n para que \u00e9stos no despidan empleados. Creo que el Presidente quiere castigarlos as\u00ed, dej\u00e1ndolos a la deriva. Piensa que sus programas sociales apoyar\u00e1n a los m\u00e1s pobres; sin embargo, \u00fanicamente lo reciben 22 millones de mexicanos, y estamos hablando que en M\u00e9xico hay aproximadamente 47 millones de pobres, m\u00e1s los que se acumulen con el Covid-19. \u00bfDe qu\u00e9 van a vivir los desempleados que no entran en ning\u00fan grupo de los que \u00e9l ha formado como vulnerable?<\/p>\n\n\n\n<p>No quiero ni pensarlo, pero a\u00fan le falta mucho a esta pandemia, y lo peor ser\u00eda que se incrementara la Inseguridad en el pa\u00eds.<br><\/p>\n\n\n\n<p><strong>Descuentos a empleados de Sefiplan<\/strong><\/p>\n\n\n\n<p>A pesar del Decreto del Presidente Andr\u00e9s Manuel de que a ning\u00fan empleado se le descontar\u00eda parte de su sueldo con motivo de la Pandemia, en la Secretar\u00eda de Finanzas y Planeaci\u00f3n a cargo de Jos\u00e9 Luis Lima Franco s\u00ed hubo descuentos. \u00bfAcaso es \u201cmoche\u201d involuntario para \u201ccooperar\u201d a los Servicios de Salud?<br><\/p>\n\n\n\n<p>@NumerosRojos_BC<\/p>\n\n\n\n<p><a href=\"mailto:caballero_brenda@hotmail.com\" target=\"_blank\" rel=\"noreferrer noopener\">caballero_brenda@hotmail.com<\/a><\/p>\n","protected":false},"excerpt":{"rendered":"<p>N\u00fameros Rojos Brenda Caballero Si en sus manos estuviera decidir, \u00bfqu\u00e9 preferir\u00eda?: \u00bfMiles de muertos o millones de desempleados? Nuestra sociedad es tan diferente igual que sus opiniones. Habr\u00e1 quienes prefieran ver muertos; otros, ver desempleados; y otros simplemente, no ver nada. Punto aparte merecen los que en medio de esta pandemia y crisis econ\u00f3mica [&hellip;]<\/p>\n","protected":false},"author":1,"featured_media":387,"comment_status":"open","ping_status":"open","sticky":false,"template":"","format":"standard","meta":{"_jetpack_memberships_contains_paid_content":false,"footnotes":""},"categories":[11],"tags":[],"class_list":["post-2926","post","type-post","status-publish","format-standard","has-post-thumbnail","hentry","category-opinion"],"jetpack_featured_media_url":"https:\/\/encuentroinformativo.com.mx\/wp-content\/uploads\/2020\/03\/7CF8A22B-2764-47BE-8F7F-38FE9E5D6A2F.jpeg","jetpack_sharing_enabled":true,"jetpack_likes_enabled":true,"amp_enabled":true,"_links":{"self":[{"href":"https:\/\/encuentroinformativo.com.mx\/index.php?rest_route=\/wp\/v2\/posts\/2926","targetHints":{"allow":["GET"]}}],"collection":[{"href":"https:\/\/encuentroinformativo.com.mx\/index.php?rest_route=\/wp\/v2\/posts"}],"about":[{"href":"https:\/\/encuentroinformativo.com.mx\/index.php?rest_route=\/wp\/v2\/types\/post"}],"author":[{"embeddable":true,"href":"https:\/\/encuentroinformativo.com.mx\/index.php?rest_route=\/wp\/v2\/users\/1"}],"replies":[{"embeddable":true,"href":"https:\/\/encuentroinformativo.com.mx\/index.php?rest_route=%2Fwp%2Fv2%2Fcomments&post=2926"}],"version-history":[{"count":1,"href":"https:\/\/encuentroinformativo.com.mx\/index.php?rest_route=\/wp\/v2\/posts\/2926\/revisions"}],"predecessor-version":[{"id":2927,"href":"https:\/\/encuentroinformativo.com.mx\/index.php?rest_route=\/wp\/v2\/posts\/2926\/revisions\/2927"}],"wp:featuredmedia":[{"embeddable":true,"href":"https:\/\/encuentroinformativo.com.mx\/index.php?rest_route=\/wp\/v2\/media\/387"}],"wp:attachment":[{"href":"https:\/\/encuentroinformativo.com.mx\/index.php?rest_route=%2Fwp%2Fv2%2Fmedia&parent=2926"}],"wp:term":[{"taxonomy":"category","embeddable":true,"href":"https:\/\/encuentroinformativo.com.mx\/index.php?rest_route=%2Fwp%2Fv2%2Fcategories&post=2926"},{"taxonomy":"post_tag","embeddable":true,"href":"https:\/\/encuentroinformativo.com.mx\/index.php?rest_route=%2Fwp%2Fv2%2Ftags&post=2926"}],"curies":[{"name":"wp","href":"https:\/\/api.w.org\/{rel}","templated":true}]}}