{"id":29260,"date":"2022-07-11T12:25:48","date_gmt":"2022-07-11T17:25:48","guid":{"rendered":"https:\/\/encuentroinformativo.com.mx\/?p=29260"},"modified":"2022-07-11T12:25:51","modified_gmt":"2022-07-11T17:25:51","slug":"esperan-mas-de-un-millon-de-visitantes-por-vacaciones-de-verano","status":"publish","type":"post","link":"https:\/\/encuentroinformativo.com.mx\/?p=29260","title":{"rendered":"Esperan m\u00e1s de un mill\u00f3n de visitantes por vacaciones de verano"},"content":{"rendered":"\n<p><strong>Dar\u00edo Pale <\/strong><\/p>\n\n\n\n<p>Xalapa, Ver.- El secretario de Turismo, Iv\u00e1n Mart\u00ednez Olvera, dio a conocer que para el periodo vacacional de verano, en Veracruz se esperan alrededor de 1.5 millones de turistas, lo que superar\u00e1 las cifras de 2019, cuando no hab\u00eda pandemia.<\/p>\n\n\n\n<p>En entrevista aclar\u00f3 que es un n\u00famero aproximado, toda vez que es una proyecci\u00f3n, &#8220;pero yo creo que lo vamos a superar&#8221;, record\u00f3 que en 2019, la derrama econ\u00f3mica que se gener\u00f3 fue de 850 millones de pesos, por lo que para el actual periodo esperan tambi\u00e9n superarlo por mucho, ya que la gente est\u00e1 vacunado y hay una promoci\u00f3n tur\u00edstica mucho m\u00e1s establecida y estructurada.<\/p>\n\n\n\n<p>Reconoci\u00f3 que si bien hay un incremento de casos de Covid, no se ha incrementado la hospitalizaci\u00f3n gracias a la aplicaci\u00f3n de las vacunas y que la gente sigue las medidas de protecci\u00f3n.<\/p>\n\n\n\n<p>Mart\u00ednez Olvera indic\u00f3 que las reservaciones siguen igual, no se han cancelado por cuestiones del Covid, ya que la sociedad est\u00e1 muy adecuada e insisti\u00f3 en que se tiene el esquema de vacunaci\u00f3n.<\/p>\n\n\n\n<p>En ese sentido, los hoteles siguen haciendo proyecciones de derrama econ\u00f3mica positiva para el Estado.<\/p>\n\n\n\n<p>Por \u00faltimo dio a conocer que, &#8220;tenemos una reactivaci\u00f3n total, tenemos eventos en todo el Estado, desde eventos deportivos, cabalgatas masivas, tenemos expos de turismo, de negocios, Costa Esmeralda Fest, Cumbre Olmeca, carrera panamericana, el Galard\u00f3n Tur\u00edstico, entre muchos otros&#8221;.<\/p>\n","protected":false},"excerpt":{"rendered":"<p>Dar\u00edo Pale Xalapa, Ver.- El secretario de Turismo, Iv\u00e1n Mart\u00ednez Olvera, dio a conocer que para el periodo vacacional de verano, en Veracruz se esperan alrededor de 1.5 millones de turistas, lo que superar\u00e1 las cifras de 2019, cuando no hab\u00eda pandemia. En entrevista aclar\u00f3 que es un n\u00famero aproximado, toda vez que es una [&hellip;]<\/p>\n","protected":false},"author":1,"featured_media":17441,"comment_status":"open","ping_status":"open","sticky":false,"template":"","format":"standard","meta":{"_jetpack_memberships_contains_paid_content":false,"footnotes":""},"categories":[2],"tags":[],"class_list":["post-29260","post","type-post","status-publish","format-standard","has-post-thumbnail","hentry","category-estado"],"jetpack_featured_media_url":"https:\/\/encuentroinformativo.com.mx\/wp-content\/uploads\/2021\/08\/1E72C16F-4795-4F6E-B817-0984702D8A26.jpeg","jetpack_sharing_enabled":true,"jetpack_likes_enabled":true,"amp_enabled":true,"_links":{"self":[{"href":"https:\/\/encuentroinformativo.com.mx\/index.php?rest_route=\/wp\/v2\/posts\/29260","targetHints":{"allow":["GET"]}}],"collection":[{"href":"https:\/\/encuentroinformativo.com.mx\/index.php?rest_route=\/wp\/v2\/posts"}],"about":[{"href":"https:\/\/encuentroinformativo.com.mx\/index.php?rest_route=\/wp\/v2\/types\/post"}],"author":[{"embeddable":true,"href":"https:\/\/encuentroinformativo.com.mx\/index.php?rest_route=\/wp\/v2\/users\/1"}],"replies":[{"embeddable":true,"href":"https:\/\/encuentroinformativo.com.mx\/index.php?rest_route=%2Fwp%2Fv2%2Fcomments&post=29260"}],"version-history":[{"count":1,"href":"https:\/\/encuentroinformativo.com.mx\/index.php?rest_route=\/wp\/v2\/posts\/29260\/revisions"}],"predecessor-version":[{"id":29261,"href":"https:\/\/encuentroinformativo.com.mx\/index.php?rest_route=\/wp\/v2\/posts\/29260\/revisions\/29261"}],"wp:featuredmedia":[{"embeddable":true,"href":"https:\/\/encuentroinformativo.com.mx\/index.php?rest_route=\/wp\/v2\/media\/17441"}],"wp:attachment":[{"href":"https:\/\/encuentroinformativo.com.mx\/index.php?rest_route=%2Fwp%2Fv2%2Fmedia&parent=29260"}],"wp:term":[{"taxonomy":"category","embeddable":true,"href":"https:\/\/encuentroinformativo.com.mx\/index.php?rest_route=%2Fwp%2Fv2%2Fcategories&post=29260"},{"taxonomy":"post_tag","embeddable":true,"href":"https:\/\/encuentroinformativo.com.mx\/index.php?rest_route=%2Fwp%2Fv2%2Ftags&post=29260"}],"curies":[{"name":"wp","href":"https:\/\/api.w.org\/{rel}","templated":true}]}}