{"id":2928,"date":"2020-05-30T13:03:04","date_gmt":"2020-05-30T18:03:04","guid":{"rendered":"https:\/\/encuentroinformativo.com\/?p=2928"},"modified":"2020-05-30T13:03:07","modified_gmt":"2020-05-30T18:03:07","slug":"promueven-caravana-contra-visita-de-amlo-a-veracruz","status":"publish","type":"post","link":"https:\/\/encuentroinformativo.com.mx\/?p=2928","title":{"rendered":"Promueven caravana contra visita de AMLO a Veracruz"},"content":{"rendered":"\n<p><strong>Dar\u00edo Pale <\/strong><\/p>\n\n\n\n<p>Xalapa, Ver.- Un grupo de ciudadanos en la ciudad de Xalapa realizaron una caravana en contra de la visita del presidente de M\u00e9xico, Andr\u00e9s Manuel L\u00f3pez Obrador a tierras veracruzanas ya que se oponen a sus pol\u00edticas p\u00fablicas implementadas.<\/p>\n\n\n\n<p>Entrevistados durante el paso de la caravana por el centro de la capital del estado Jorge L\u00f3pez y Arcelia Ru\u00edz dieron a conocer que los integrantes del movimiento Frente Nacional Anti AMLO (FRENA), se oponen a la visita del presidente al estado la cual est\u00e1 programada para la primera semana de junio.<\/p>\n\n\n\n<p>Los veh\u00edculos (un aproximado de cien) avanzaron sobre la carretera Xalapa-Veracruz y \u00a0recorrieron diferentes calles del centro de la capital de, estado donde portaban lonas y cartulinas en contra del presidente de M\u00e9xico Andr\u00e9s Manuel L\u00f3pez Obrador.<\/p>\n\n\n\n<p>Y tambi\u00e9n por la reanudaci\u00f3n de actividades del ejecutivo Federal ocasion\u00f3 la molestia de habitantes de Xalapa que aprovechan esta oportunidad para manifestarse y pedir la dimisi\u00f3n del Presidente del pa\u00eds.<\/p>\n\n\n\n<p>Los ciudadanos organizados que integran el FRENA exigieron que el Presidente renuncie antes del 30 de noviembre de este 2020 y que de acuerdo con la Constituci\u00f3n Pol\u00edtica se puedan convocar nuevas elecciones, explic\u00f3 Ilda Salda\u00f1a Olmos, vocera del movimiento.<\/p>\n\n\n\n<p>\u201cAntes del 30 de noviembre del 2020 para que de acuerdo con el art\u00edculo 84 de la constituci\u00f3n podamos llamar a nuevas elecciones, y tenemos una estructura piramidal en un grupo\u201d, coment\u00f3.<\/p>\n\n\n\n<p>La caravana integrada por la zona sur de Xalapa y los ciudadanos colocaron una manta sobre un puente peatonal exigiendo la salida de Obrador.<\/p>\n\n\n\n<figure class=\"wp-block-image size-large\"><img loading=\"lazy\" decoding=\"async\" width=\"1280\" height=\"720\" src=\"https:\/\/i2.wp.com\/encuentroinformativo.com\/wp-content\/uploads\/2020\/05\/0E519BB1-FC7E-4331-951E-0B6CE438FF95.jpeg?fit=640%2C360&amp;ssl=1\" alt=\"\" class=\"wp-image-2930\" srcset=\"https:\/\/encuentroinformativo.com.mx\/wp-content\/uploads\/2020\/05\/0E519BB1-FC7E-4331-951E-0B6CE438FF95.jpeg 1280w, https:\/\/encuentroinformativo.com.mx\/wp-content\/uploads\/2020\/05\/0E519BB1-FC7E-4331-951E-0B6CE438FF95-300x169.jpeg 300w, https:\/\/encuentroinformativo.com.mx\/wp-content\/uploads\/2020\/05\/0E519BB1-FC7E-4331-951E-0B6CE438FF95-1024x576.jpeg 1024w, https:\/\/encuentroinformativo.com.mx\/wp-content\/uploads\/2020\/05\/0E519BB1-FC7E-4331-951E-0B6CE438FF95-768x432.jpeg 768w\" sizes=\"auto, (max-width: 1280px) 100vw, 1280px\" \/><\/figure>\n\n\n\n<p><\/p>\n","protected":false},"excerpt":{"rendered":"<p>Dar\u00edo Pale Xalapa, Ver.- Un grupo de ciudadanos en la ciudad de Xalapa realizaron una caravana en contra de la visita del presidente de M\u00e9xico, Andr\u00e9s Manuel L\u00f3pez Obrador a tierras veracruzanas ya que se oponen a sus pol\u00edticas p\u00fablicas implementadas. Entrevistados durante el paso de la caravana por el centro de la capital del [&hellip;]<\/p>\n","protected":false},"author":1,"featured_media":2929,"comment_status":"open","ping_status":"open","sticky":false,"template":"","format":"standard","meta":{"_jetpack_memberships_contains_paid_content":false,"footnotes":""},"categories":[3],"tags":[],"class_list":["post-2928","post","type-post","status-publish","format-standard","has-post-thumbnail","hentry","category-xalapa"],"jetpack_featured_media_url":"https:\/\/encuentroinformativo.com.mx\/wp-content\/uploads\/2020\/05\/03F17AC3-DC82-44F7-9213-1DE00F20BFAC.jpeg","jetpack_sharing_enabled":true,"jetpack_likes_enabled":true,"amp_enabled":true,"_links":{"self":[{"href":"https:\/\/encuentroinformativo.com.mx\/index.php?rest_route=\/wp\/v2\/posts\/2928","targetHints":{"allow":["GET"]}}],"collection":[{"href":"https:\/\/encuentroinformativo.com.mx\/index.php?rest_route=\/wp\/v2\/posts"}],"about":[{"href":"https:\/\/encuentroinformativo.com.mx\/index.php?rest_route=\/wp\/v2\/types\/post"}],"author":[{"embeddable":true,"href":"https:\/\/encuentroinformativo.com.mx\/index.php?rest_route=\/wp\/v2\/users\/1"}],"replies":[{"embeddable":true,"href":"https:\/\/encuentroinformativo.com.mx\/index.php?rest_route=%2Fwp%2Fv2%2Fcomments&post=2928"}],"version-history":[{"count":1,"href":"https:\/\/encuentroinformativo.com.mx\/index.php?rest_route=\/wp\/v2\/posts\/2928\/revisions"}],"predecessor-version":[{"id":2931,"href":"https:\/\/encuentroinformativo.com.mx\/index.php?rest_route=\/wp\/v2\/posts\/2928\/revisions\/2931"}],"wp:featuredmedia":[{"embeddable":true,"href":"https:\/\/encuentroinformativo.com.mx\/index.php?rest_route=\/wp\/v2\/media\/2929"}],"wp:attachment":[{"href":"https:\/\/encuentroinformativo.com.mx\/index.php?rest_route=%2Fwp%2Fv2%2Fmedia&parent=2928"}],"wp:term":[{"taxonomy":"category","embeddable":true,"href":"https:\/\/encuentroinformativo.com.mx\/index.php?rest_route=%2Fwp%2Fv2%2Fcategories&post=2928"},{"taxonomy":"post_tag","embeddable":true,"href":"https:\/\/encuentroinformativo.com.mx\/index.php?rest_route=%2Fwp%2Fv2%2Ftags&post=2928"}],"curies":[{"name":"wp","href":"https:\/\/api.w.org\/{rel}","templated":true}]}}