{"id":29280,"date":"2022-07-11T14:49:05","date_gmt":"2022-07-11T19:49:05","guid":{"rendered":"https:\/\/encuentroinformativo.com.mx\/?p=29280"},"modified":"2022-07-11T14:49:08","modified_gmt":"2022-07-11T19:49:08","slug":"en-las-vigas-realizaran-festival-del-pulque","status":"publish","type":"post","link":"https:\/\/encuentroinformativo.com.mx\/?p=29280","title":{"rendered":"En Las Vigas, realizar\u00e1n Festival del Pulque"},"content":{"rendered":"\n<p><strong>Dar\u00edo Pale <\/strong><\/p>\n\n\n\n<p>Xalapa, Ver.- El presidente municipal de Las Vigas de Ramirez Jos\u00e9 de Jesus Landa Hern\u00e1ndez dio a conocer que buscan impulsar el turismo y la gastronom\u00eda para lo cual van a realizar el primer Festival del Pulque y el Chicharr\u00f3n.<\/p>\n\n\n\n<p>En conferencia de prensa dio a conocer que, las actividades iniciar\u00e1n este viernes a las dos de la tarde, con lo cual se busca incentivar el turismo, la gastronom\u00eda, el desarrollo social, el crecimiento del comercio local y generar derrama econ\u00f3mica.<\/p>\n\n\n\n<p>\u201cEl chicharr\u00f3n data del siglo XIX, el cual era una de las comidas que se ofrec\u00edan en las bodas, bautizos, posteriormente, va tomando auge y se convierte en una comida muy t\u00edpica, la cual nos identifica&#8221;, se\u00f1al\u00f3.<\/p>\n\n\n\n<p>El presidente municipal coment\u00f3 que la inauguraci\u00f3n es a las 2 de la tarde con la presencia de autoridades estatales, dijo que el pulque es una bebida que data de la \u00e9poca prehisp\u00e1nica, &#8220;el elixir de los dioses&#8221;.\u00a0<br>Jos\u00e9 de Jes\u00fas Landa Hern\u00e1ndez dijo que se pretende impulsar tambi\u00e9n los sitios tur\u00edsticos, por lo cual el festival se realizar\u00e1 los d\u00edas 15, 16 y 17 del presente mes en el campo deportivo donde la entrada ser\u00e1 gratuita.<\/p>\n\n\n\n<p>&#8220;Tenemos muchos lugares tur\u00edsticos de gran importancia y los cuales muchos no se conocen porque no se ha dado la difusi\u00f3n como tal, como Volcancillo, San Juan del Monte, la Piedra del Amor, son de los sitios m\u00e1s emblem\u00e1ticos, m\u00e1s representativos&#8221;, coment\u00f3.<\/p>\n\n\n\n<p>El edil destac\u00f3 que se cuentan con ranchos silv\u00edcolas, que es una de las actividades primordiales del municipio.<\/p>\n\n\n\n<p>Finalmente dio a concomer que participar\u00e1n decenas de expositores y a\u00fan se cuenta con espacios para que los comerciantes se unan al festival.<\/p>\n","protected":false},"excerpt":{"rendered":"<p>Dar\u00edo Pale Xalapa, Ver.- El presidente municipal de Las Vigas de Ramirez Jos\u00e9 de Jesus Landa Hern\u00e1ndez dio a conocer que buscan impulsar el turismo y la gastronom\u00eda para lo cual van a realizar el primer Festival del Pulque y el Chicharr\u00f3n. En conferencia de prensa dio a conocer que, las actividades iniciar\u00e1n este viernes [&hellip;]<\/p>\n","protected":false},"author":1,"featured_media":29281,"comment_status":"open","ping_status":"open","sticky":false,"template":"","format":"standard","meta":{"_jetpack_memberships_contains_paid_content":false,"footnotes":""},"categories":[8],"tags":[],"class_list":["post-29280","post","type-post","status-publish","format-standard","has-post-thumbnail","hentry","category-region"],"jetpack_featured_media_url":"https:\/\/encuentroinformativo.com.mx\/wp-content\/uploads\/2022\/07\/7DD47F31-00F0-48C4-BC99-1F4C7E88C8B8.jpeg","jetpack_sharing_enabled":true,"jetpack_likes_enabled":true,"amp_enabled":true,"_links":{"self":[{"href":"https:\/\/encuentroinformativo.com.mx\/index.php?rest_route=\/wp\/v2\/posts\/29280","targetHints":{"allow":["GET"]}}],"collection":[{"href":"https:\/\/encuentroinformativo.com.mx\/index.php?rest_route=\/wp\/v2\/posts"}],"about":[{"href":"https:\/\/encuentroinformativo.com.mx\/index.php?rest_route=\/wp\/v2\/types\/post"}],"author":[{"embeddable":true,"href":"https:\/\/encuentroinformativo.com.mx\/index.php?rest_route=\/wp\/v2\/users\/1"}],"replies":[{"embeddable":true,"href":"https:\/\/encuentroinformativo.com.mx\/index.php?rest_route=%2Fwp%2Fv2%2Fcomments&post=29280"}],"version-history":[{"count":1,"href":"https:\/\/encuentroinformativo.com.mx\/index.php?rest_route=\/wp\/v2\/posts\/29280\/revisions"}],"predecessor-version":[{"id":29282,"href":"https:\/\/encuentroinformativo.com.mx\/index.php?rest_route=\/wp\/v2\/posts\/29280\/revisions\/29282"}],"wp:featuredmedia":[{"embeddable":true,"href":"https:\/\/encuentroinformativo.com.mx\/index.php?rest_route=\/wp\/v2\/media\/29281"}],"wp:attachment":[{"href":"https:\/\/encuentroinformativo.com.mx\/index.php?rest_route=%2Fwp%2Fv2%2Fmedia&parent=29280"}],"wp:term":[{"taxonomy":"category","embeddable":true,"href":"https:\/\/encuentroinformativo.com.mx\/index.php?rest_route=%2Fwp%2Fv2%2Fcategories&post=29280"},{"taxonomy":"post_tag","embeddable":true,"href":"https:\/\/encuentroinformativo.com.mx\/index.php?rest_route=%2Fwp%2Fv2%2Ftags&post=29280"}],"curies":[{"name":"wp","href":"https:\/\/api.w.org\/{rel}","templated":true}]}}