{"id":29283,"date":"2022-07-11T11:51:19","date_gmt":"2022-07-11T16:51:19","guid":{"rendered":"https:\/\/encuentroinformativo.com.mx\/?p=29283"},"modified":"2022-07-11T14:57:56","modified_gmt":"2022-07-11T19:57:56","slug":"diputados-buscaran-homologar-horario-con-estados-unidos","status":"publish","type":"post","link":"https:\/\/encuentroinformativo.com.mx\/?p=29283","title":{"rendered":"Diputados buscar\u00e1n homologar horario con Estados Unidos"},"content":{"rendered":"\n<p><strong>Alejandro \u00c1vila<\/strong><\/p>\n\n\n\n<p>Boca del R\u00edo, Ver.- Debido a que los Estados Unidos eliminar\u00e1 su &#8220;Horario de Verano&#8221; para el 2023, a trav\u00e9s de la c\u00e1mara de diputados se buscara homologar el horario para no afectar a miles de obreros mexicanos en la frontera.<\/p>\n\n\n\n<p>El diputado federal, Carlos Valenzuela Gonz\u00e1lez aclaro qu\u00e9, est\u00e1 discusi\u00f3n iniciar\u00e1 en pr\u00f3ximos d\u00edas en la C\u00e1mara de Diputados, d\u00f3nde se deben visualizar las vertientes o cambios, a trav\u00e9s del punto de vista econ\u00f3mico y comercial.<\/p>\n\n\n\n<p>&#8220;Nosotros como pa\u00eds debemos de tomar una decisi\u00f3n pr\u00e1ctica, sobre todo para todos nuestros estados fronterizos, todas las ciudades que tienen maquilas en la frontera, y que los horarios comerciales y los horarios de operaci\u00f3n podr\u00edan afectarse, teniendo perdidas millonarias para ambos pa\u00edses, en el caso de que M\u00e9xico no hom\u00f3logue su horario con Estados Unidos&#8221;, subray\u00f3.<\/p>\n\n\n\n<p>En otro tema, dijo que el Gobierno de M\u00e9xico tiene que mejorar su relaci\u00f3n con Estados Unidos, y volver a pugnar por legitimar la presencia de los mexicanos en suelo norteamericano, a trav\u00e9s de la Reforma Migratoria por la que tanto se luchado.<\/p>\n\n\n\n<p>&#8220;Este ser\u00eda un buen momento para evitar con esto tantas deportaciones qu\u00e9 se est\u00e1n viviendo, y para evitar hechos lamentables, como los muertos en San Antonio, Texas, hace algunas semanas&#8221;, remat\u00f3.<\/p>\n","protected":false},"excerpt":{"rendered":"<p>Alejandro \u00c1vila Boca del R\u00edo, Ver.- Debido a que los Estados Unidos eliminar\u00e1 su &#8220;Horario de Verano&#8221; para el 2023, a trav\u00e9s de la c\u00e1mara de diputados se buscara homologar el horario para no afectar a miles de obreros mexicanos en la frontera. El diputado federal, Carlos Valenzuela Gonz\u00e1lez aclaro qu\u00e9, est\u00e1 discusi\u00f3n iniciar\u00e1 en [&hellip;]<\/p>\n","protected":false},"author":1,"featured_media":29284,"comment_status":"open","ping_status":"open","sticky":false,"template":"","format":"standard","meta":{"_jetpack_memberships_contains_paid_content":false,"footnotes":""},"categories":[2],"tags":[],"class_list":["post-29283","post","type-post","status-publish","format-standard","has-post-thumbnail","hentry","category-estado"],"jetpack_featured_media_url":"https:\/\/encuentroinformativo.com.mx\/wp-content\/uploads\/2022\/07\/CE5EDD50-71FA-42CE-8C44-A655D4A65122.jpeg","jetpack_sharing_enabled":true,"jetpack_likes_enabled":true,"amp_enabled":true,"_links":{"self":[{"href":"https:\/\/encuentroinformativo.com.mx\/index.php?rest_route=\/wp\/v2\/posts\/29283","targetHints":{"allow":["GET"]}}],"collection":[{"href":"https:\/\/encuentroinformativo.com.mx\/index.php?rest_route=\/wp\/v2\/posts"}],"about":[{"href":"https:\/\/encuentroinformativo.com.mx\/index.php?rest_route=\/wp\/v2\/types\/post"}],"author":[{"embeddable":true,"href":"https:\/\/encuentroinformativo.com.mx\/index.php?rest_route=\/wp\/v2\/users\/1"}],"replies":[{"embeddable":true,"href":"https:\/\/encuentroinformativo.com.mx\/index.php?rest_route=%2Fwp%2Fv2%2Fcomments&post=29283"}],"version-history":[{"count":1,"href":"https:\/\/encuentroinformativo.com.mx\/index.php?rest_route=\/wp\/v2\/posts\/29283\/revisions"}],"predecessor-version":[{"id":29285,"href":"https:\/\/encuentroinformativo.com.mx\/index.php?rest_route=\/wp\/v2\/posts\/29283\/revisions\/29285"}],"wp:featuredmedia":[{"embeddable":true,"href":"https:\/\/encuentroinformativo.com.mx\/index.php?rest_route=\/wp\/v2\/media\/29284"}],"wp:attachment":[{"href":"https:\/\/encuentroinformativo.com.mx\/index.php?rest_route=%2Fwp%2Fv2%2Fmedia&parent=29283"}],"wp:term":[{"taxonomy":"category","embeddable":true,"href":"https:\/\/encuentroinformativo.com.mx\/index.php?rest_route=%2Fwp%2Fv2%2Fcategories&post=29283"},{"taxonomy":"post_tag","embeddable":true,"href":"https:\/\/encuentroinformativo.com.mx\/index.php?rest_route=%2Fwp%2Fv2%2Ftags&post=29283"}],"curies":[{"name":"wp","href":"https:\/\/api.w.org\/{rel}","templated":true}]}}