{"id":29286,"date":"2022-07-11T15:13:48","date_gmt":"2022-07-11T20:13:48","guid":{"rendered":"https:\/\/encuentroinformativo.com.mx\/?p=29286"},"modified":"2022-07-11T16:41:25","modified_gmt":"2022-07-11T21:41:25","slug":"tras-discusion-le-quema-la-casa-a-su-ex-en-poza-rica","status":"publish","type":"post","link":"https:\/\/encuentroinformativo.com.mx\/?p=29286","title":{"rendered":"Tras discusi\u00f3n le quema la casa a su ex en Poza Rica"},"content":{"rendered":"\n<p><strong>Alejandro \u00c1vila<\/strong><\/p>\n\n\n\n<p>Poza Rica, Ver.- Tras una acalorada discusi\u00f3n, un sujeto le prendi\u00f3 fuego a la casa de su ex novia; afortunadamente no hab\u00eda nadie al interior, por lo que solo hubo da\u00f1os materiales.<\/p>\n\n\n\n<p>El personal de Protecci\u00f3n Civil municipal acudi\u00f3 a sofocar el fuego, tras el reporte al n\u00famero de emergencia 911, d\u00f3nde fueron informados de un incendio en una vivienda ubicada en la colonia Francisco I. Madero.<\/p>\n\n\n\n<p>Testigos relataron qu\u00e9, tras la acalorada discusi\u00f3n recomendaron a la hoy afectada huir de su vivienda en compa\u00f1\u00eda de sus hijos, al ver la casa sola, el piroman\u00edaco ex pareja de la joven, en un arranque de ira, decidi\u00f3 prenderle fuego al que fuera su hogar<\/p>\n\n\n\n<p>El inmueble no tard\u00f3 en prenderse fuego por completo, y los vecinos temiendo que est\u00e9 se expandiera, hicieron el llamado a los elementos de Protecci\u00f3n Civil municipal, qui\u00e9nes lograron sofocar las llamas y evitar una cat\u00e1strofe mayor.<\/p>\n\n\n\n<p>La joven afectada responde al nombre de Ruby Garc\u00eda, qui\u00e9n aseguro presentar\u00e1 cargos en contra de su expareja Jos\u00e9 Lino, qui\u00e9n tras el incidente, dej\u00f3 a la muchacha y sus hijos, sin un lugar d\u00f3nde vivir.<\/p>\n","protected":false},"excerpt":{"rendered":"<p>Alejandro \u00c1vila Poza Rica, Ver.- Tras una acalorada discusi\u00f3n, un sujeto le prendi\u00f3 fuego a la casa de su ex novia; afortunadamente no hab\u00eda nadie al interior, por lo que solo hubo da\u00f1os materiales. El personal de Protecci\u00f3n Civil municipal acudi\u00f3 a sofocar el fuego, tras el reporte al n\u00famero de emergencia 911, d\u00f3nde fueron [&hellip;]<\/p>\n","protected":false},"author":1,"featured_media":29287,"comment_status":"open","ping_status":"open","sticky":false,"template":"","format":"standard","meta":{"_jetpack_memberships_contains_paid_content":false,"footnotes":""},"categories":[14],"tags":[],"class_list":["post-29286","post","type-post","status-publish","format-standard","has-post-thumbnail","hentry","category-policiaca"],"jetpack_featured_media_url":"https:\/\/encuentroinformativo.com.mx\/wp-content\/uploads\/2022\/07\/72652B5B-6CE2-44C5-B866-AFFACAAE859C.jpeg","jetpack_sharing_enabled":true,"jetpack_likes_enabled":true,"amp_enabled":true,"_links":{"self":[{"href":"https:\/\/encuentroinformativo.com.mx\/index.php?rest_route=\/wp\/v2\/posts\/29286","targetHints":{"allow":["GET"]}}],"collection":[{"href":"https:\/\/encuentroinformativo.com.mx\/index.php?rest_route=\/wp\/v2\/posts"}],"about":[{"href":"https:\/\/encuentroinformativo.com.mx\/index.php?rest_route=\/wp\/v2\/types\/post"}],"author":[{"embeddable":true,"href":"https:\/\/encuentroinformativo.com.mx\/index.php?rest_route=\/wp\/v2\/users\/1"}],"replies":[{"embeddable":true,"href":"https:\/\/encuentroinformativo.com.mx\/index.php?rest_route=%2Fwp%2Fv2%2Fcomments&post=29286"}],"version-history":[{"count":1,"href":"https:\/\/encuentroinformativo.com.mx\/index.php?rest_route=\/wp\/v2\/posts\/29286\/revisions"}],"predecessor-version":[{"id":29288,"href":"https:\/\/encuentroinformativo.com.mx\/index.php?rest_route=\/wp\/v2\/posts\/29286\/revisions\/29288"}],"wp:featuredmedia":[{"embeddable":true,"href":"https:\/\/encuentroinformativo.com.mx\/index.php?rest_route=\/wp\/v2\/media\/29287"}],"wp:attachment":[{"href":"https:\/\/encuentroinformativo.com.mx\/index.php?rest_route=%2Fwp%2Fv2%2Fmedia&parent=29286"}],"wp:term":[{"taxonomy":"category","embeddable":true,"href":"https:\/\/encuentroinformativo.com.mx\/index.php?rest_route=%2Fwp%2Fv2%2Fcategories&post=29286"},{"taxonomy":"post_tag","embeddable":true,"href":"https:\/\/encuentroinformativo.com.mx\/index.php?rest_route=%2Fwp%2Fv2%2Ftags&post=29286"}],"curies":[{"name":"wp","href":"https:\/\/api.w.org\/{rel}","templated":true}]}}