{"id":29295,"date":"2022-07-11T13:34:23","date_gmt":"2022-07-11T18:34:23","guid":{"rendered":"https:\/\/encuentroinformativo.com.mx\/?p=29295"},"modified":"2022-07-11T16:36:13","modified_gmt":"2022-07-11T21:36:13","slug":"entregan-apoyo-economico-a-emprendedores-en-medellin-de-bravo","status":"publish","type":"post","link":"https:\/\/encuentroinformativo.com.mx\/?p=29295","title":{"rendered":"Entregan apoyo econ\u00f3mico a emprendedores en Medell\u00edn de Bravo"},"content":{"rendered":"\n<p><strong>Alejandro \u00c1vila<\/strong><\/p>\n\n\n\n<p>Medell\u00edn de Bravo, Ver.- Tres j\u00f3venes empresarios recibieron est\u00edmulos econ\u00f3micos por parte del Ayuntamiento de Medell\u00edn de Bravo, como parte del programa de apoyo a emprendedores locales.<\/p>\n\n\n\n<p>Este lunes se inaugur\u00f3 en el Centro Deportivo y Cultural del fraccionamiento Puente Moreno, la &#8220;Expo Emprende Juvenil 2022&#8221;, d\u00f3nde era alcalde Marcos Isle\u00f1o Andrade destac\u00f3 que, se debe apuntalar la econom\u00eda del municipio e incentivar a las nuevas generaciones.<\/p>\n\n\n\n<p>El edil medellinense agreg\u00f3 qu\u00e9, a trav\u00e9s de la direcci\u00f3n de Juventud ofrecer\u00e1n capacitaci\u00f3n a peque\u00f1os empresarios y cursos para fomentar el autoempleo.<\/p>\n\n\n\n<p>\u201cEs muy importante dar el apoyo a los j\u00f3venes, porque no s\u00f3lo se trata de educaci\u00f3n y de deporte, tambi\u00e9n el rubro econ\u00f3mico es muy importante. Ustedes son el futuro de nuestro municipio y nosotros como autoridad debemos respaldarlos y en esta ocasi\u00f3n coadyuvar en la proyecci\u00f3n de sus negocios\u201d, coment\u00f3.<\/p>\n\n\n\n<p>En el evento se cont\u00f3 tambi\u00e9n con la presencia de Daniel Dehesa Ram\u00edrez, Jefa del Departamento de Investigaci\u00f3n y Proyectos del Instituto Veracruzano de la Juventud, quien en su intervenci\u00f3n dijo que, es imperativo para los servidores p\u00fablicos del gobierno, generar las condiciones para que se pueda mejorar la econom\u00eda local a trav\u00e9s de proyectos como la Expo Emprende Juvenil.<\/p>\n\n\n\n<p>La mayor\u00eda de los stands instalados exhibieron alimentos y artesan\u00edas t\u00edpicas de la regi\u00f3n, as\u00ed como plantas naturales, servicios y productos de belleza y salud para las personas.<\/p>\n","protected":false},"excerpt":{"rendered":"<p>Alejandro \u00c1vila Medell\u00edn de Bravo, Ver.- Tres j\u00f3venes empresarios recibieron est\u00edmulos econ\u00f3micos por parte del Ayuntamiento de Medell\u00edn de Bravo, como parte del programa de apoyo a emprendedores locales. Este lunes se inaugur\u00f3 en el Centro Deportivo y Cultural del fraccionamiento Puente Moreno, la &#8220;Expo Emprende Juvenil 2022&#8221;, d\u00f3nde era alcalde Marcos Isle\u00f1o Andrade destac\u00f3 [&hellip;]<\/p>\n","protected":false},"author":1,"featured_media":29296,"comment_status":"open","ping_status":"open","sticky":false,"template":"","format":"standard","meta":{"_jetpack_memberships_contains_paid_content":false,"footnotes":""},"categories":[2],"tags":[],"class_list":["post-29295","post","type-post","status-publish","format-standard","has-post-thumbnail","hentry","category-estado"],"jetpack_featured_media_url":"https:\/\/encuentroinformativo.com.mx\/wp-content\/uploads\/2022\/07\/927295DC-C7FA-4A9C-8BA9-C1293FD202CB.jpeg","jetpack_sharing_enabled":true,"jetpack_likes_enabled":true,"amp_enabled":true,"_links":{"self":[{"href":"https:\/\/encuentroinformativo.com.mx\/index.php?rest_route=\/wp\/v2\/posts\/29295","targetHints":{"allow":["GET"]}}],"collection":[{"href":"https:\/\/encuentroinformativo.com.mx\/index.php?rest_route=\/wp\/v2\/posts"}],"about":[{"href":"https:\/\/encuentroinformativo.com.mx\/index.php?rest_route=\/wp\/v2\/types\/post"}],"author":[{"embeddable":true,"href":"https:\/\/encuentroinformativo.com.mx\/index.php?rest_route=\/wp\/v2\/users\/1"}],"replies":[{"embeddable":true,"href":"https:\/\/encuentroinformativo.com.mx\/index.php?rest_route=%2Fwp%2Fv2%2Fcomments&post=29295"}],"version-history":[{"count":1,"href":"https:\/\/encuentroinformativo.com.mx\/index.php?rest_route=\/wp\/v2\/posts\/29295\/revisions"}],"predecessor-version":[{"id":29297,"href":"https:\/\/encuentroinformativo.com.mx\/index.php?rest_route=\/wp\/v2\/posts\/29295\/revisions\/29297"}],"wp:featuredmedia":[{"embeddable":true,"href":"https:\/\/encuentroinformativo.com.mx\/index.php?rest_route=\/wp\/v2\/media\/29296"}],"wp:attachment":[{"href":"https:\/\/encuentroinformativo.com.mx\/index.php?rest_route=%2Fwp%2Fv2%2Fmedia&parent=29295"}],"wp:term":[{"taxonomy":"category","embeddable":true,"href":"https:\/\/encuentroinformativo.com.mx\/index.php?rest_route=%2Fwp%2Fv2%2Fcategories&post=29295"},{"taxonomy":"post_tag","embeddable":true,"href":"https:\/\/encuentroinformativo.com.mx\/index.php?rest_route=%2Fwp%2Fv2%2Ftags&post=29295"}],"curies":[{"name":"wp","href":"https:\/\/api.w.org\/{rel}","templated":true}]}}