{"id":29301,"date":"2022-07-11T14:42:37","date_gmt":"2022-07-11T19:42:37","guid":{"rendered":"https:\/\/encuentroinformativo.com.mx\/?p=29301"},"modified":"2022-07-11T16:46:24","modified_gmt":"2022-07-11T21:46:24","slug":"esta-semana-llegarian-cuerpos-de-jovenes-de-naolinco-fallecidos-en-texas","status":"publish","type":"post","link":"https:\/\/encuentroinformativo.com.mx\/?p=29301","title":{"rendered":"Esta semana, llegar\u00edan cuerpos de j\u00f3venes de Naolinco fallecidos en Texas"},"content":{"rendered":"\n<p><strong>Juan Arcos <\/strong><\/p>\n\n\n\n<p>Xalapa, Ver.- Entre el pr\u00f3ximo mi\u00e9rcoles y el viernes 15 de julio llegar\u00edan al estado los cuerpos de los migrantes veracruzanos que fallecieron adentro de la caja de un tr\u00e1iler en San Antonio, Texas, Estados Unidos, el pasado 27 de junio.<\/p>\n\n\n\n<p>De acuerdo con el director de Atenci\u00f3n a Migrantes en Veracruz, Carlos Enrique Escalante Igual, han sido identificados seis migrantes de esta entidad que murieron en dicho lugar.<\/p>\n\n\n\n<p>\u201cSolo estamos esperando que Relaciones Exteriores nos diga cu\u00e1ndo nos los mandan a M\u00e9xico, todo indica que puede ser a mediados de esta semana, pero puede ser a mediados de la semana o a finales de la semana\u201d, expres\u00f3.<\/p>\n\n\n\n<p>El funcionario estatal reconoci\u00f3 que se ha tardado semana y media el proceso de repatriaci\u00f3n, pese a la presi\u00f3n que ha ejercido el gobierno estatal para agilizar los tr\u00e1mites.<\/p>\n\n\n\n<p>\u201cLa verdad es que instrucci\u00f3n del se\u00f1or gobernador y del secretario de Gobierno fue: presionen mucho a las autoridades en Estados Unidos para que nos den los cuerpos, porque no queremos mas sufrimiento en las familias veracruzanas\u201d, expres\u00f3.<\/p>\n\n\n\n<p>Los gastos al interior del pa\u00eds ser\u00e1n absorbidos por el gobierno federal y estatal. La Secretar\u00eda de Relaciones Exteriores y el Instituto Nacional de Migraci\u00f3n cubrir\u00e1n el traslado de Estados Unidos a M\u00e9xico.<\/p>\n\n\n\n<p>\u201cLos gastos que le corresponden a Gobierno del Estado todos est\u00e1n cubiertos\u201d, enfatiz\u00f3 Escalante Igual.<\/p>\n\n\n\n<p>Por persona, el traslado tiene un costo que va de los 9 mil a casi 11 mil pesos, dependiendo de la distancia correspondiente.<\/p>\n\n\n\n<p>Tres veracruzanos fallecidos eran originarios de San Marcos Atexquilapan, municipio de Naolinco, entre ellos dos menores; uno de Santiago Sochiapa; otro de Misantla; y uno m\u00e1s de Tlapacoyan.<\/p>\n\n\n\n<p>&#8220;S\u00e9 que van a llegar primero tres que son los de Naolinco, pero queremos que sean de una vez todos. Y no porque vengan los seis en un s\u00f3lo avi\u00f3n, no se manda una sola carroza, se mandan seis porque hay que hacer las cosas con mucho respeto y tacto para no lastimar m\u00e1s a las familias\u201d, finaliz\u00f3 el Director de Atenci\u00f3n a Migrantes.<\/p>\n","protected":false},"excerpt":{"rendered":"<p>Juan Arcos Xalapa, Ver.- Entre el pr\u00f3ximo mi\u00e9rcoles y el viernes 15 de julio llegar\u00edan al estado los cuerpos de los migrantes veracruzanos que fallecieron adentro de la caja de un tr\u00e1iler en San Antonio, Texas, Estados Unidos, el pasado 27 de junio. De acuerdo con el director de Atenci\u00f3n a Migrantes en Veracruz, Carlos [&hellip;]<\/p>\n","protected":false},"author":1,"featured_media":29302,"comment_status":"open","ping_status":"open","sticky":false,"template":"","format":"standard","meta":{"_jetpack_memberships_contains_paid_content":false,"footnotes":""},"categories":[2],"tags":[],"class_list":["post-29301","post","type-post","status-publish","format-standard","has-post-thumbnail","hentry","category-estado"],"jetpack_featured_media_url":"https:\/\/encuentroinformativo.com.mx\/wp-content\/uploads\/2022\/07\/A3EEA491-E837-4591-91AD-478E54B7D49F.jpeg","jetpack_sharing_enabled":true,"jetpack_likes_enabled":true,"amp_enabled":true,"_links":{"self":[{"href":"https:\/\/encuentroinformativo.com.mx\/index.php?rest_route=\/wp\/v2\/posts\/29301","targetHints":{"allow":["GET"]}}],"collection":[{"href":"https:\/\/encuentroinformativo.com.mx\/index.php?rest_route=\/wp\/v2\/posts"}],"about":[{"href":"https:\/\/encuentroinformativo.com.mx\/index.php?rest_route=\/wp\/v2\/types\/post"}],"author":[{"embeddable":true,"href":"https:\/\/encuentroinformativo.com.mx\/index.php?rest_route=\/wp\/v2\/users\/1"}],"replies":[{"embeddable":true,"href":"https:\/\/encuentroinformativo.com.mx\/index.php?rest_route=%2Fwp%2Fv2%2Fcomments&post=29301"}],"version-history":[{"count":1,"href":"https:\/\/encuentroinformativo.com.mx\/index.php?rest_route=\/wp\/v2\/posts\/29301\/revisions"}],"predecessor-version":[{"id":29303,"href":"https:\/\/encuentroinformativo.com.mx\/index.php?rest_route=\/wp\/v2\/posts\/29301\/revisions\/29303"}],"wp:featuredmedia":[{"embeddable":true,"href":"https:\/\/encuentroinformativo.com.mx\/index.php?rest_route=\/wp\/v2\/media\/29302"}],"wp:attachment":[{"href":"https:\/\/encuentroinformativo.com.mx\/index.php?rest_route=%2Fwp%2Fv2%2Fmedia&parent=29301"}],"wp:term":[{"taxonomy":"category","embeddable":true,"href":"https:\/\/encuentroinformativo.com.mx\/index.php?rest_route=%2Fwp%2Fv2%2Fcategories&post=29301"},{"taxonomy":"post_tag","embeddable":true,"href":"https:\/\/encuentroinformativo.com.mx\/index.php?rest_route=%2Fwp%2Fv2%2Ftags&post=29301"}],"curies":[{"name":"wp","href":"https:\/\/api.w.org\/{rel}","templated":true}]}}