{"id":29309,"date":"2022-07-12T08:37:22","date_gmt":"2022-07-12T13:37:22","guid":{"rendered":"https:\/\/encuentroinformativo.com.mx\/?p=29309"},"modified":"2022-07-12T00:29:36","modified_gmt":"2022-07-12T05:29:36","slug":"echeverria-y-los-populistas","status":"publish","type":"post","link":"https:\/\/encuentroinformativo.com.mx\/?p=29309","title":{"rendered":"ECHEVERR\u00cdA Y LOS POPULISTAS"},"content":{"rendered":"\n<p><strong>@pablojair<br><br>+ La farsa de las aulas h\u00edbridas en la Universidad Veracruzana.<br>+ Felicidades a Hora Cero por su quinto aniversario.<br>+ Zenyazen realiz\u00f3 con \u00e9xito gira de trabajo en la Huasteca.<br><br><em>Pareciera que &#8220;Ulito&#8221; anda buscando matador;<br>lo clama en sus discursos cuando dice \u201cs\u00f3lo muerto\u201d<br>&#8211;Chopenjawer<\/em><\/strong><br><br>El expresidente Luis Echeverr\u00eda \u00c1lvarez dej\u00f3 todo un legado de autoritarismo y pol\u00e9mica que, tras su muerte, fue ampliamente recordado tanto en medios como en internet: Tlatelolco, el Halconazo, la salida de Julio Scherer y compa\u00f1\u00eda de Exc\u00e9lsior; sus discursos condenando la homosexualidad y lo que entonces era la juventud \u201cdescarriada\u201d.<\/p>\n\n\n\n<p>Los m\u00e1s radicales le atribuyen ser un genocida de opositores por la guerra sucia que ocurri\u00f3 en su gobierno, en cuyos a\u00f1os tambi\u00e9n se notaba la fuerte influencia e injerencia del gobierno de Estados Unidos por lo que estaba aconteciendo a nivel mundial.<\/p>\n\n\n\n<p>\u00bfY qu\u00e9 ocurr\u00eda en ese entonces? Los a\u00f1os m\u00e1s crudos de la Guerra Fr\u00eda, la de un Estados Unidos paranoico del comunismo cuyos temores se trasladaron a su vecino m\u00e1s cercano: M\u00e9xico. Es curioso (quiz\u00e1s porque quer\u00edan tener m\u00e1s de cerca al enemigo o porque en realidad s\u00ed quer\u00edan establecer lazos de amistad) porque no es de ahorita que exista una relaci\u00f3n entre nuestro pa\u00eds con naciones comunistas como Cuba y China, o la Rusia de ese entonces.<\/p>\n\n\n\n<p>En la ma\u00f1ana de&nbsp;<a href=\"outlook-data-detector:\/\/2\">este lunes<\/a>, en comentario para radio, el periodista Luis Ram\u00edrez Baqueiro recordaba el dato de que fue precisamente Luis Echeverr\u00eda quien inici\u00f3 las relaciones con el gigante asi\u00e1tico; de hecho, en febrero se cumplieron 50 a\u00f1os del establecimiento de las relaciones con la Rep\u00fablica Popular China iniciadas con una visita oficial de Echeverr\u00eda y una reuni\u00f3n con el famoso Mao Tse-tung.<\/p>\n\n\n\n<p>Aqu\u00ed en Xalapa se recuerdan los intercambios estudiantiles con Rusia o la cercan\u00eda que tenia el exgobernador Fernando Guti\u00e9rrez Barrios con l\u00edderes guerrilleros como Fidel Castro.<\/p>\n\n\n\n<p>O sea, con puro populista, pues.<\/p>\n\n\n\n<p>Pero en medio de toda esa paranoia americana y los hechos sangrientos de 1968, Luis Echeverr\u00eda llega como presidente y suma a j\u00f3venes a manera de \u201cganarse\u201d ese sector, aunque en realidad creo ni lo necesitaba, porque el PRI \u2014el partido que representaba\u2014 era en ese entonces todopoderoso y no perd\u00eda las elecciones presidenciales o gubernaturas.<\/p>\n\n\n\n<p>Echeverr\u00eda era muy populista y mucha clase pol\u00edtica joven que en ese entonces hac\u00eda sus pininos comenz\u00f3 y aprendi\u00f3 con \u00e9l a hacer populismo, hoy tan satanizado, pero algo muy recurrente en los tiempos del priato.<\/p>\n\n\n\n<p>El m\u00e1s conocido en Veracruz: el exgobernador Fidel Herrera Beltr\u00e1n, impulsado personalmente por Echeverr\u00eda, quien era (es, no se ha muerto) un maestro en eso del populismo\u2026 \u00bfQui\u00e9n no recuerda la demagogia y elocuencia de Fidel o la manera de buscar la foto oportuna como aquella donde se quita los zapatos para entregar despensas en Tlacotalpan?<\/p>\n\n\n\n<p>El T\u00edo Fide era (es, perd\u00f3n) hartamente popular hasta el d\u00eda de hoy, pero se ve que las \u201cviudas\u201d que trabajaron con \u00e9l \u2014y a la generaci\u00f3n de pol\u00edticos que intent\u00f3 formar\u2014 no le aprendieron nada, ya que fueron los que entregaron el estado al \u201cGober Cascarita\u201d de los dos a\u00f1os; los neopanistas en ese entonces tambi\u00e9n ganaron usando esquemas populistas en la campa\u00f1a del 2016, pero se convirtieron en elitistas al gobernar\u2026 y hasta ah\u00ed llegaron.<\/p>\n\n\n\n<p>Lo del populismo se usa de manera peyorativa, pero seg\u00fan la Real Academia del Espa\u00f1ol es una &#8220;tendencia pol\u00edtica que pretende atraerse a las clases populares\u201d y aplica tanto a sectores de izquierda como de derecha. Un ejemplo de esto \u00faltimo es el expresidente gringo Donald Trump, quien es hartamente populista y conserva a esos sectores de derecha con mensajes incendiarios o actos populares como los m\u00edtines que encabeza.<\/p>\n\n\n\n<p>Vicente Fox, por ejemplo, tambi\u00e9n fue un presidente muy populista.<\/p>\n\n\n\n<p>O sea, el populismo no aplica solamente a personajes como L\u00f3pez Obrador con sus ba\u00f1os de pueblo o que el gober Cuitl\u00e1huac haga tequio o actividades in\u00e9ditas como sembrar; finalmente es cuesti\u00f3n de estilos para gobernar.<\/p>\n\n\n\n<p>Y tampoco est\u00e1 distante eso de toda la clase pol\u00edtica en Veracruz: la diferencia es que los hoy adversarios de la 4T s\u00f3lo lo hacen en campa\u00f1as electorales, hablan del \u201cpueblo veracruzano\u201d y ensalzan actos como la pinta de bardas o reuniones masivas; esta hipocres\u00eda y fingimiento es lo que finalmente llev\u00f3 a la hoy clase opositora a instalarse lejos de las verdaderas clases populares.<\/p>\n\n\n\n<p>Finalmente esa vieja f\u00f3rmula de atacar a un pol\u00edtico por populista, est\u00e1 igual de desinflada que atacarlo por ser homosexual. En realidad, los que usan esta arcaica estrategia, s\u00f3lo se ven como personajes fuera de tiempo, desconectados de la nueva realidad. Una clase pol\u00edtica tan a\u00f1eja como los j\u00f3venes que estuvieron con Echeverr\u00eda.<\/p>\n\n\n\n<p>Quiz\u00e1s el legado positivo del reciente fallecido fue precisamente instalar el populismo como una forma de acercarse a la gente y es un estilo que se sigue aplicando. L\u00f3pez Obrador lo hace con maestr\u00eda, pues de entrada se quit\u00f3 esos privilegios como usar aviones oficiales para sus giras o el derroche de guaruras y eso ha sido bien visto por la gente\u2026 aunque todav\u00eda no haya cumplido lo de vender el Avi\u00f3n Presidencial.<\/p>\n\n\n\n<p>No debe extra\u00f1ar por eso que el propio presidente haya dado un p\u00e9same a Echeverr\u00eda, pues es parte de esa generaci\u00f3n de j\u00f3venes que se forj\u00f3 como pol\u00edtico en el echeverriato.<\/p>\n\n\n\n<p>Mejor me quedo con una frase del amigo periodista Pepe Ortiz, a la cual le doy toda la raz\u00f3n si se reflexiona bien el tema: \u201cYo no soy enemigo del populismo. Creo que bien manejado, te funciona\u201d.<\/p>\n\n\n\n<p><strong>NOTA PARA PEGAR EN EL REFRI:<\/strong>Comentan algunos maestros de la UV que lo de las aulas h\u00edbridas en realidad result\u00f3 ser una farsa, pues varias facultades todav\u00eda usan la modalidad no presencial debido a la pandemia, habiendo incluso menos de 10 maestros en aulas vac\u00edas\u2026 Hay casos donde incluso se sabe que los alumnos no muestran tantita intenci\u00f3n de regresar a la modalidad presencial, pues han encontrado mucha comodidad en la virtual, cuando se supone que para mayo habr\u00eda ya un 100% de asistencia presencial\u2026 \u00bfY cu\u00e1nto ha costado la implementaci\u00f3n de c\u00e1maras, pantallas, micr\u00f3fonos, etc? Algo as\u00ed como 300 mil pesos por aula, seg\u00fan los propios datos duros de la UV: 430 aulas h\u00edbridas en&nbsp;<a href=\"outlook-data-detector:\/\/7\">las cinco<\/a>&nbsp;regiones donde se invirtieron 125 millones 19 mil 232 pesos\u2026 \u00bfY no era m\u00e1s f\u00e1cil hacer simplemente home-office sin tanta parafernalia y ante la ausencia clara de maestros y alumnos? Basta decir que varias facultades, en las clases que terminaron en junio del semestre que est\u00e1 concluyendo, se vieron obligados a usar la modalidad no presencial por las olas recientes de contagios.<\/p>\n\n\n\n<p><strong>OTRA NOTA:&nbsp;<\/strong>Muchas felicidades para Luis Romero y Yamiri \u201cDom\u00ednguez\u201d (chiste local) por el quinto aniversario de su portal informativo Hora Cero\u2026 \u201cEl 10 de julio de 2017 iniciamos este proyecto, con el objetivo de difundir informaci\u00f3n confiable, columnas y art\u00edculos de opini\u00f3n sobre lo que ocurre en el estado de Veracruz. Somos un equipo de periodistas que todos los d\u00edas, sin descanso, se ha esforzado por realizar un trabajo responsable, honesto y \u00fatil para la sociedad. Hoy, queremos decirle a usted: \u00a1Gracias por su confianza!\u201d, fue el mensaje enviado a sus fieles lectores\u2026 \u00a1Enhorabuena, que sigan los \u00e9xitos!<\/p>\n\n\n\n<p><strong>LA \u00daLTIMA PORQUE ANDO RETRASADO CON EL \u201cBETTER CALL SAUL\u201d:<\/strong>&nbsp;Bastante productiva la gira del secretario de Educaci\u00f3n de Veracruz, Zenyazen Escobar Garc\u00eda, quien se anot\u00f3 un diez al recorrer la tan olvidada zona norte como parte de las Expo Ferias Educativas 2022 que se realizaron en las 10 regiones del estado, que, por cierto, resultaron un gran acierto, pues m\u00e1s de 120 mil j\u00f3venes de todo el estado se congregaron para conocer m\u00e1s opciones de carreras y escuelas para estudiar el nivel medio superior y superior\u2026 Espec\u00edficamente, la comunidad educativa de la Huasteca Baja y Alta, as\u00ed como alcaldes recibieron a Escobar Garc\u00eda, cada quien, desde su respectiva trinchera para participar, los primeros en las Expo Ferias, y los segundos, a las reuniones convocadas para tratar asuntos en materia educativa en beneficio de sus localidades\u2026 Los institutos tecnol\u00f3gicos de \u00c1lamo Temapache y P\u00e1nuco fueron las sedes de las Expo Ferias 8.\u00aa y 9.\u00aa, respectivamente, donde adem\u00e1s de anunciar que los 30 mil j\u00f3venes que no alcanzaron un espacio en la Universidad Veracruzana (UV) tienen opciones de seguir sus estudios en alguno de los 25 tecnol\u00f3gicos,&nbsp;<a href=\"outlook-data-detector:\/\/11\">las cinco<\/a>&nbsp;escuelas normales p\u00fablicas y el Colegio de Veracruz (COLVER), Zenyazen Escobar destac\u00f3 los m\u00e1s de 200 millones de pesos que se invierten en los institutos tecnol\u00f3gicos de Veracruz\u2026 Desde luego que fue una gira de trabajo intensa, son pocos los funcionarios que van a la regi\u00f3n de la Huasteca, sobre todo a la Alta, por su lejan\u00eda de la capital del estado.<\/p>\n","protected":false},"excerpt":{"rendered":"<p>@pablojair + La farsa de las aulas h\u00edbridas en la Universidad Veracruzana.+ Felicidades a Hora Cero por su quinto aniversario.+ Zenyazen realiz\u00f3 con \u00e9xito gira de trabajo en la Huasteca. Pareciera que &#8220;Ulito&#8221; anda buscando matador;lo clama en sus discursos cuando dice \u201cs\u00f3lo muerto\u201d&#8211;Chopenjawer El expresidente Luis Echeverr\u00eda \u00c1lvarez dej\u00f3 todo un legado de autoritarismo [&hellip;]<\/p>\n","protected":false},"author":1,"featured_media":488,"comment_status":"open","ping_status":"open","sticky":false,"template":"","format":"standard","meta":{"_jetpack_memberships_contains_paid_content":false,"footnotes":""},"categories":[11],"tags":[],"class_list":["post-29309","post","type-post","status-publish","format-standard","has-post-thumbnail","hentry","category-opinion"],"jetpack_featured_media_url":"https:\/\/encuentroinformativo.com.mx\/wp-content\/uploads\/2020\/03\/F471F608-BA1A-416B-BA7B-BCFB24F4E6D0.jpeg","jetpack_sharing_enabled":true,"jetpack_likes_enabled":true,"amp_enabled":true,"_links":{"self":[{"href":"https:\/\/encuentroinformativo.com.mx\/index.php?rest_route=\/wp\/v2\/posts\/29309","targetHints":{"allow":["GET"]}}],"collection":[{"href":"https:\/\/encuentroinformativo.com.mx\/index.php?rest_route=\/wp\/v2\/posts"}],"about":[{"href":"https:\/\/encuentroinformativo.com.mx\/index.php?rest_route=\/wp\/v2\/types\/post"}],"author":[{"embeddable":true,"href":"https:\/\/encuentroinformativo.com.mx\/index.php?rest_route=\/wp\/v2\/users\/1"}],"replies":[{"embeddable":true,"href":"https:\/\/encuentroinformativo.com.mx\/index.php?rest_route=%2Fwp%2Fv2%2Fcomments&post=29309"}],"version-history":[{"count":1,"href":"https:\/\/encuentroinformativo.com.mx\/index.php?rest_route=\/wp\/v2\/posts\/29309\/revisions"}],"predecessor-version":[{"id":29310,"href":"https:\/\/encuentroinformativo.com.mx\/index.php?rest_route=\/wp\/v2\/posts\/29309\/revisions\/29310"}],"wp:featuredmedia":[{"embeddable":true,"href":"https:\/\/encuentroinformativo.com.mx\/index.php?rest_route=\/wp\/v2\/media\/488"}],"wp:attachment":[{"href":"https:\/\/encuentroinformativo.com.mx\/index.php?rest_route=%2Fwp%2Fv2%2Fmedia&parent=29309"}],"wp:term":[{"taxonomy":"category","embeddable":true,"href":"https:\/\/encuentroinformativo.com.mx\/index.php?rest_route=%2Fwp%2Fv2%2Fcategories&post=29309"},{"taxonomy":"post_tag","embeddable":true,"href":"https:\/\/encuentroinformativo.com.mx\/index.php?rest_route=%2Fwp%2Fv2%2Ftags&post=29309"}],"curies":[{"name":"wp","href":"https:\/\/api.w.org\/{rel}","templated":true}]}}