{"id":29325,"date":"2022-07-12T13:08:28","date_gmt":"2022-07-12T18:08:28","guid":{"rendered":"https:\/\/encuentroinformativo.com.mx\/?p=29325"},"modified":"2022-07-12T13:08:31","modified_gmt":"2022-07-12T18:08:31","slug":"de-forma-simbolica-clausuran-profeco-en-veracruz","status":"publish","type":"post","link":"https:\/\/encuentroinformativo.com.mx\/?p=29325","title":{"rendered":"De forma simb\u00f3lica, clausuran PROFECO en Veracruz"},"content":{"rendered":"\n<p><strong>Alejandro \u00c1vila<\/strong><\/p>\n\n\n\n<p>Veracruz, Ver.- Integrantes del Movimiento Ciudadano Independiente (MOCI) clausuraron de manera simb\u00f3lica la entrada a la Procuradur\u00eda Federal del Consumidor (PROFECO) acus\u00e1ndola de proteger a las empresas administradoras del agua en los municipios de Veracruz Boca del R\u00edo y Medell\u00edn de Bravo.<\/p>\n\n\n\n<p>Jes\u00fas L\u00f3pez Pe\u00f1a, presidente de MOCI mencion\u00f3 que, la dependencia federal en su art\u00edculo 10, dice que ning\u00fan proveedor de servicios podr\u00e1 molestar, hostigar o amenaza al consumidor; sin embargo, a pesar de presentar pruebas de qu\u00e9 las empresas Grupo MAS y CAB, ha amenazado a los ciudadanos con cortarles el agua, han sido ignorados por la PROFECO.<\/p>\n\n\n\n<p>&#8220;Ellos no deben de ver si debo o no debo, simplemente no debes amenazarnos, est\u00e1s alterando, seg\u00fan mi ley interna, el art\u00edculo d\u00e9cimo, no lo puedes hacer, pero ellos se meten del lado de la empresa. Entonces, estamos aqu\u00ed tambi\u00e9n porque est\u00e1 Procuradur\u00eda se mete de lado de las empresas, los conciliadores est\u00e1n del lado de ellos y no del consumidor, entonces nos vemos desamparados nosotros, ni Derechos Humanos ni este organismo realmente saca la cara, saca la casta por el ciudadano, por eso estamos aqu\u00ed, es inoperante esto&#8221;, subray\u00f3.<\/p>\n\n\n\n<p>Tan solo del movimiento que representan, 1500 personas se encuentran afectadas por las empresas Grupo MAS y CAB, asegur\u00f3 Jes\u00fas L\u00f3pez Pe\u00f1a, qui\u00e9n agreg\u00f3 que los reclamos son, por cobros excesivos por el servicio de agua, cortes en el servicio de agua injustificados, entre otros.<\/p>\n\n\n\n<p>&#8220;En nuestro padr\u00f3n hay unas 1500, ponga usted que de esas 1500, a unas 700 ya les cortaron el agua ahorita, en Medell\u00edn, Boca del R\u00edo y Veracruz (\u2026) pero nada m\u00e1s el corte de agua, sino que llegan y clausuran el drenaje, le ponen cemento, \u00bfporque vas a clausurar el drenaje?, si t\u00fa no lo pusiste. Est\u00e1s empresas no han hecho una sola inversi\u00f3n de infraestructura hidr\u00e1ulica, de ninguna especie&#8221;, remat\u00f3.<\/p>\n\n\n\n<figure class=\"wp-block-image size-large\"><img loading=\"lazy\" decoding=\"async\" width=\"1024\" height=\"768\" src=\"https:\/\/encuentroinformativo.com.mx\/wp-content\/uploads\/2022\/07\/D12B471E-B469-4AB8-A0B1-4C1333281DE2-1024x768.jpeg\" alt=\"\" class=\"wp-image-29327\" srcset=\"https:\/\/encuentroinformativo.com.mx\/wp-content\/uploads\/2022\/07\/D12B471E-B469-4AB8-A0B1-4C1333281DE2-1024x768.jpeg 1024w, https:\/\/encuentroinformativo.com.mx\/wp-content\/uploads\/2022\/07\/D12B471E-B469-4AB8-A0B1-4C1333281DE2-300x225.jpeg 300w, https:\/\/encuentroinformativo.com.mx\/wp-content\/uploads\/2022\/07\/D12B471E-B469-4AB8-A0B1-4C1333281DE2-768x576.jpeg 768w, https:\/\/encuentroinformativo.com.mx\/wp-content\/uploads\/2022\/07\/D12B471E-B469-4AB8-A0B1-4C1333281DE2-1536x1153.jpeg 1536w, https:\/\/encuentroinformativo.com.mx\/wp-content\/uploads\/2022\/07\/D12B471E-B469-4AB8-A0B1-4C1333281DE2.jpeg 1599w\" sizes=\"auto, (max-width: 1024px) 100vw, 1024px\" \/><\/figure>\n","protected":false},"excerpt":{"rendered":"<p>Alejandro \u00c1vila Veracruz, Ver.- Integrantes del Movimiento Ciudadano Independiente (MOCI) clausuraron de manera simb\u00f3lica la entrada a la Procuradur\u00eda Federal del Consumidor (PROFECO) acus\u00e1ndola de proteger a las empresas administradoras del agua en los municipios de Veracruz Boca del R\u00edo y Medell\u00edn de Bravo. Jes\u00fas L\u00f3pez Pe\u00f1a, presidente de MOCI mencion\u00f3 que, la dependencia federal [&hellip;]<\/p>\n","protected":false},"author":1,"featured_media":29326,"comment_status":"open","ping_status":"open","sticky":false,"template":"","format":"standard","meta":{"_jetpack_memberships_contains_paid_content":false,"footnotes":""},"categories":[2],"tags":[],"class_list":["post-29325","post","type-post","status-publish","format-standard","has-post-thumbnail","hentry","category-estado"],"jetpack_featured_media_url":"https:\/\/encuentroinformativo.com.mx\/wp-content\/uploads\/2022\/07\/F54327A5-F285-490F-B325-AC7FB5BA4B68.jpeg","jetpack_sharing_enabled":true,"jetpack_likes_enabled":true,"amp_enabled":true,"_links":{"self":[{"href":"https:\/\/encuentroinformativo.com.mx\/index.php?rest_route=\/wp\/v2\/posts\/29325","targetHints":{"allow":["GET"]}}],"collection":[{"href":"https:\/\/encuentroinformativo.com.mx\/index.php?rest_route=\/wp\/v2\/posts"}],"about":[{"href":"https:\/\/encuentroinformativo.com.mx\/index.php?rest_route=\/wp\/v2\/types\/post"}],"author":[{"embeddable":true,"href":"https:\/\/encuentroinformativo.com.mx\/index.php?rest_route=\/wp\/v2\/users\/1"}],"replies":[{"embeddable":true,"href":"https:\/\/encuentroinformativo.com.mx\/index.php?rest_route=%2Fwp%2Fv2%2Fcomments&post=29325"}],"version-history":[{"count":1,"href":"https:\/\/encuentroinformativo.com.mx\/index.php?rest_route=\/wp\/v2\/posts\/29325\/revisions"}],"predecessor-version":[{"id":29328,"href":"https:\/\/encuentroinformativo.com.mx\/index.php?rest_route=\/wp\/v2\/posts\/29325\/revisions\/29328"}],"wp:featuredmedia":[{"embeddable":true,"href":"https:\/\/encuentroinformativo.com.mx\/index.php?rest_route=\/wp\/v2\/media\/29326"}],"wp:attachment":[{"href":"https:\/\/encuentroinformativo.com.mx\/index.php?rest_route=%2Fwp%2Fv2%2Fmedia&parent=29325"}],"wp:term":[{"taxonomy":"category","embeddable":true,"href":"https:\/\/encuentroinformativo.com.mx\/index.php?rest_route=%2Fwp%2Fv2%2Fcategories&post=29325"},{"taxonomy":"post_tag","embeddable":true,"href":"https:\/\/encuentroinformativo.com.mx\/index.php?rest_route=%2Fwp%2Fv2%2Ftags&post=29325"}],"curies":[{"name":"wp","href":"https:\/\/api.w.org\/{rel}","templated":true}]}}